{"id":13182,"date":"2024-06-17T08:45:35","date_gmt":"2024-06-17T06:45:35","guid":{"rendered":"https:\/\/iestierraestella.educacion.navarra.es\/web\/?p=13182"},"modified":"2024-06-21T07:06:35","modified_gmt":"2024-06-21T05:06:35","slug":"viaje-a-polonia-erasmus","status":"publish","type":"post","link":"https:\/\/iestierraestella.educacion.navarra.es\/web\/blog\/2024\/06\/17\/viaje-a-polonia-erasmus\/","title":{"rendered":"Viaje a Polonia &#8211; ERASMUS+"},"content":{"rendered":"\n<p>Nuestro primer d\u00eda en Polonia ha comenzado con una bienvenida en el instituto de Wodzislaw Slaski donde todos los socios han expuesto las actividades que se han realizado durante este curso. A continuaci\u00f3n hemos podido degustar dulces t\u00edpicos elaborados por las familias del alumnado.<\/p>\n\n\n\n<p>Proseguimos la ma\u00f1ana con una marcha en bici hasta el Lago Balaton, donde el alumnado de Polonia ha organizado una gymkana para todos. Despu\u00e9s hemos continuado con nuestra ruta de bici hasta el Lago Orka donde se han realizado varias actividades (paseo en bici, ruta caminando y voley playa). Est\u00e1s actividades han sido posible, gracias a la implicaci\u00f3n del alumnado y profesorado del Instituto.<\/p>\n\n\n\n<p>Al terminar hemos degustado comida polaca(bigos, \u017burek, Salec) realizada por mujeres de la localidad.<\/p>\n\n\n\n<p>Regresamos en bici por una ruta entre campos de ma\u00edz y cereales y al finalizar nuestro alumnado se van con sus familias.<\/p>\n\n\n\n<p><strong>Saludos a pedales<\/strong>.<\/p>\n\n\n\n<figure class=\"wp-block-gallery has-nested-images columns-default is-cropped wp-block-gallery-1 is-layout-flex wp-block-gallery-is-layout-flex\">\n<figure class=\"wp-block-image size-large\"><a href=\"https:\/\/iestierraestella.educacion.navarra.es\/web\/wp-content\/uploads\/2024\/06\/WhatsApp-Image-2024-06-16-at-15.00.36-2.jpeg\"><img fetchpriority=\"high\" decoding=\"async\" width=\"683\" height=\"1024\" data-id=\"13187\" src=\"https:\/\/iestierraestella.educacion.navarra.es\/web\/wp-content\/uploads\/2024\/06\/WhatsApp-Image-2024-06-16-at-15.00.36-2-683x1024.jpeg\" alt=\"\" class=\"wp-image-13187\" srcset=\"https:\/\/iestierraestella.educacion.navarra.es\/web\/wp-content\/uploads\/2024\/06\/WhatsApp-Image-2024-06-16-at-15.00.36-2-683x1024.jpeg 683w, https:\/\/iestierraestella.educacion.navarra.es\/web\/wp-content\/uploads\/2024\/06\/WhatsApp-Image-2024-06-16-at-15.00.36-2-200x300.jpeg 200w, https:\/\/iestierraestella.educacion.navarra.es\/web\/wp-content\/uploads\/2024\/06\/WhatsApp-Image-2024-06-16-at-15.00.36-2-768x1152.jpeg 768w, https:\/\/iestierraestella.educacion.navarra.es\/web\/wp-content\/uploads\/2024\/06\/WhatsApp-Image-2024-06-16-at-15.00.36-2.jpeg 1024w\" sizes=\"(max-width: 683px) 100vw, 683px\" \/><\/a><\/figure>\n\n\n\n<figure class=\"wp-block-image size-large\"><a href=\"https:\/\/iestierraestella.educacion.navarra.es\/web\/wp-content\/uploads\/2024\/06\/WhatsApp-Image-2024-06-16-at-15.00.36-3.jpeg\"><img decoding=\"async\" width=\"1024\" height=\"683\" data-id=\"13185\" src=\"https:\/\/iestierraestella.educacion.navarra.es\/web\/wp-content\/uploads\/2024\/06\/WhatsApp-Image-2024-06-16-at-15.00.36-3-1024x683.jpeg\" alt=\"\" class=\"wp-image-13185\" srcset=\"https:\/\/iestierraestella.educacion.navarra.es\/web\/wp-content\/uploads\/2024\/06\/WhatsApp-Image-2024-06-16-at-15.00.36-3-1024x683.jpeg 1024w, https:\/\/iestierraestella.educacion.navarra.es\/web\/wp-content\/uploads\/2024\/06\/WhatsApp-Image-2024-06-16-at-15.00.36-3-300x200.jpeg 300w, https:\/\/iestierraestella.educacion.navarra.es\/web\/wp-content\/uploads\/2024\/06\/WhatsApp-Image-2024-06-16-at-15.00.36-3-768x512.jpeg 768w, https:\/\/iestierraestella.educacion.navarra.es\/web\/wp-content\/uploads\/2024\/06\/WhatsApp-Image-2024-06-16-at-15.00.36-3.jpeg 1536w\" sizes=\"(max-width: 1024px) 100vw, 1024px\" \/><\/a><\/figure>\n\n\n\n<figure class=\"wp-block-image size-large\"><a href=\"https:\/\/iestierraestella.educacion.navarra.es\/web\/wp-content\/uploads\/2024\/06\/WhatsApp-Image-2024-06-16-at-15.00.39.jpeg\"><img decoding=\"async\" width=\"1024\" height=\"683\" data-id=\"13191\" src=\"https:\/\/iestierraestella.educacion.navarra.es\/web\/wp-content\/uploads\/2024\/06\/WhatsApp-Image-2024-06-16-at-15.00.39-1024x683.jpeg\" alt=\"\" class=\"wp-image-13191\" srcset=\"https:\/\/iestierraestella.educacion.navarra.es\/web\/wp-content\/uploads\/2024\/06\/WhatsApp-Image-2024-06-16-at-15.00.39-1024x683.jpeg 1024w, https:\/\/iestierraestella.educacion.navarra.es\/web\/wp-content\/uploads\/2024\/06\/WhatsApp-Image-2024-06-16-at-15.00.39-300x200.jpeg 300w, https:\/\/iestierraestella.educacion.navarra.es\/web\/wp-content\/uploads\/2024\/06\/WhatsApp-Image-2024-06-16-at-15.00.39-768x512.jpeg 768w, https:\/\/iestierraestella.educacion.navarra.es\/web\/wp-content\/uploads\/2024\/06\/WhatsApp-Image-2024-06-16-at-15.00.39.jpeg 1536w\" sizes=\"(max-width: 1024px) 100vw, 1024px\" \/><\/a><\/figure>\n\n\n\n<figure class=\"wp-block-image size-large\"><a href=\"https:\/\/iestierraestella.educacion.navarra.es\/web\/wp-content\/uploads\/2024\/06\/WhatsApp-Image-2024-06-16-at-15.00.39-1.jpeg\"><img loading=\"lazy\" decoding=\"async\" width=\"768\" height=\"1024\" data-id=\"13183\" src=\"https:\/\/iestierraestella.educacion.navarra.es\/web\/wp-content\/uploads\/2024\/06\/WhatsApp-Image-2024-06-16-at-15.00.39-1-768x1024.jpeg\" alt=\"\" class=\"wp-image-13183\" srcset=\"https:\/\/iestierraestella.educacion.navarra.es\/web\/wp-content\/uploads\/2024\/06\/WhatsApp-Image-2024-06-16-at-15.00.39-1-768x1024.jpeg 768w, https:\/\/iestierraestella.educacion.navarra.es\/web\/wp-content\/uploads\/2024\/06\/WhatsApp-Image-2024-06-16-at-15.00.39-1-225x300.jpeg 225w, https:\/\/iestierraestella.educacion.navarra.es\/web\/wp-content\/uploads\/2024\/06\/WhatsApp-Image-2024-06-16-at-15.00.39-1-1152x1536.jpeg 1152w, https:\/\/iestierraestella.educacion.navarra.es\/web\/wp-content\/uploads\/2024\/06\/WhatsApp-Image-2024-06-16-at-15.00.39-1.jpeg 1536w\" sizes=\"(max-width: 768px) 100vw, 768px\" \/><\/a><\/figure>\n\n\n\n<figure class=\"wp-block-image size-large\"><a href=\"https:\/\/iestierraestella.educacion.navarra.es\/web\/wp-content\/uploads\/2024\/06\/WhatsApp-Image-2024-06-16-at-15.00.40.jpeg\"><img loading=\"lazy\" decoding=\"async\" width=\"768\" height=\"1024\" data-id=\"13189\" src=\"https:\/\/iestierraestella.educacion.navarra.es\/web\/wp-content\/uploads\/2024\/06\/WhatsApp-Image-2024-06-16-at-15.00.40-768x1024.jpeg\" alt=\"\" class=\"wp-image-13189\" srcset=\"https:\/\/iestierraestella.educacion.navarra.es\/web\/wp-content\/uploads\/2024\/06\/WhatsApp-Image-2024-06-16-at-15.00.40-768x1024.jpeg 768w, https:\/\/iestierraestella.educacion.navarra.es\/web\/wp-content\/uploads\/2024\/06\/WhatsApp-Image-2024-06-16-at-15.00.40-225x300.jpeg 225w, https:\/\/iestierraestella.educacion.navarra.es\/web\/wp-content\/uploads\/2024\/06\/WhatsApp-Image-2024-06-16-at-15.00.40-1152x1536.jpeg 1152w, https:\/\/iestierraestella.educacion.navarra.es\/web\/wp-content\/uploads\/2024\/06\/WhatsApp-Image-2024-06-16-at-15.00.40.jpeg 1536w\" sizes=\"(max-width: 768px) 100vw, 768px\" \/><\/a><\/figure>\n\n\n\n<figure class=\"wp-block-image size-large\"><a href=\"https:\/\/iestierraestella.educacion.navarra.es\/web\/wp-content\/uploads\/2024\/06\/WhatsApp-Image-2024-06-16-at-15.00.35.jpeg\"><img loading=\"lazy\" decoding=\"async\" width=\"1024\" height=\"683\" data-id=\"13190\" src=\"https:\/\/iestierraestella.educacion.navarra.es\/web\/wp-content\/uploads\/2024\/06\/WhatsApp-Image-2024-06-16-at-15.00.35-1024x683.jpeg\" alt=\"\" class=\"wp-image-13190\" srcset=\"https:\/\/iestierraestella.educacion.navarra.es\/web\/wp-content\/uploads\/2024\/06\/WhatsApp-Image-2024-06-16-at-15.00.35-1024x683.jpeg 1024w, https:\/\/iestierraestella.educacion.navarra.es\/web\/wp-content\/uploads\/2024\/06\/WhatsApp-Image-2024-06-16-at-15.00.35-300x200.jpeg 300w, https:\/\/iestierraestella.educacion.navarra.es\/web\/wp-content\/uploads\/2024\/06\/WhatsApp-Image-2024-06-16-at-15.00.35-768x512.jpeg 768w, https:\/\/iestierraestella.educacion.navarra.es\/web\/wp-content\/uploads\/2024\/06\/WhatsApp-Image-2024-06-16-at-15.00.35-1536x1024.jpeg 1536w, https:\/\/iestierraestella.educacion.navarra.es\/web\/wp-content\/uploads\/2024\/06\/WhatsApp-Image-2024-06-16-at-15.00.35.jpeg 1639w\" sizes=\"(max-width: 1024px) 100vw, 1024px\" \/><\/a><\/figure>\n\n\n\n<figure class=\"wp-block-image size-large\"><a href=\"https:\/\/iestierraestella.educacion.navarra.es\/web\/wp-content\/uploads\/2024\/06\/WhatsApp-Image-2024-06-16-at-15.00.36.jpeg\"><img loading=\"lazy\" decoding=\"async\" width=\"683\" height=\"1024\" data-id=\"13195\" src=\"https:\/\/iestierraestella.educacion.navarra.es\/web\/wp-content\/uploads\/2024\/06\/WhatsApp-Image-2024-06-16-at-15.00.36-683x1024.jpeg\" alt=\"\" class=\"wp-image-13195\" srcset=\"https:\/\/iestierraestella.educacion.navarra.es\/web\/wp-content\/uploads\/2024\/06\/WhatsApp-Image-2024-06-16-at-15.00.36-683x1024.jpeg 683w, https:\/\/iestierraestella.educacion.navarra.es\/web\/wp-content\/uploads\/2024\/06\/WhatsApp-Image-2024-06-16-at-15.00.36-200x300.jpeg 200w, https:\/\/iestierraestella.educacion.navarra.es\/web\/wp-content\/uploads\/2024\/06\/WhatsApp-Image-2024-06-16-at-15.00.36-768x1152.jpeg 768w, https:\/\/iestierraestella.educacion.navarra.es\/web\/wp-content\/uploads\/2024\/06\/WhatsApp-Image-2024-06-16-at-15.00.36-1024x1536.jpeg 1024w, https:\/\/iestierraestella.educacion.navarra.es\/web\/wp-content\/uploads\/2024\/06\/WhatsApp-Image-2024-06-16-at-15.00.36.jpeg 1365w\" sizes=\"(max-width: 683px) 100vw, 683px\" \/><\/a><\/figure>\n\n\n\n<figure class=\"wp-block-image size-large\"><a href=\"https:\/\/iestierraestella.educacion.navarra.es\/web\/wp-content\/uploads\/2024\/06\/WhatsApp-Image-2024-06-16-at-15.00.36-1.jpeg\"><img loading=\"lazy\" decoding=\"async\" width=\"1024\" height=\"683\" data-id=\"13197\" src=\"https:\/\/iestierraestella.educacion.navarra.es\/web\/wp-content\/uploads\/2024\/06\/WhatsApp-Image-2024-06-16-at-15.00.36-1-1024x683.jpeg\" alt=\"\" class=\"wp-image-13197\" srcset=\"https:\/\/iestierraestella.educacion.navarra.es\/web\/wp-content\/uploads\/2024\/06\/WhatsApp-Image-2024-06-16-at-15.00.36-1-1024x683.jpeg 1024w, https:\/\/iestierraestella.educacion.navarra.es\/web\/wp-content\/uploads\/2024\/06\/WhatsApp-Image-2024-06-16-at-15.00.36-1-300x200.jpeg 300w, https:\/\/iestierraestella.educacion.navarra.es\/web\/wp-content\/uploads\/2024\/06\/WhatsApp-Image-2024-06-16-at-15.00.36-1-768x512.jpeg 768w, https:\/\/iestierraestella.educacion.navarra.es\/web\/wp-content\/uploads\/2024\/06\/WhatsApp-Image-2024-06-16-at-15.00.36-1.jpeg 1280w\" sizes=\"(max-width: 1024px) 100vw, 1024px\" \/><\/a><\/figure>\n<\/figure>\n\n\n\n<p><\/p>\n\n\n\n<p>Segundo d\u00eda por tierra polacas:<\/p>\n\n\n\n<p>Hoy hemos visitado la ciudad de Cracovia, una de las ciudades m\u00e1s antiguas e importantes de Polonia.<\/p>\n\n\n\n<p>Realizamos un tour tur\u00edstico por esta ciudad declarada patrimonio de la humanidad por la UNESCO.<\/p>\n\n\n\n<p>Visitamos los lugares m\u00e1s emblem\u00e1ticos de la ciudad, as\u00ed como su universidad que es la m\u00e1s antigua de Polonia.<\/p>\n\n\n\n<p>Por la tarde fuimos a las minas de sal de Wieliczka, est\u00e1s se encuentran a 135 m de profundidad. Para ello tuvimos que bajar&nbsp; 80 plantas y 390 escalones. All\u00ed pudimos ver c\u00f3mo era el trabajo de estos mineros desde el neol\u00edtico hasta el S. XIX.<\/p>\n\n\n\n<p><strong>Saludos a pedales<\/strong><\/p>\n\n\n\n<figure class=\"wp-block-gallery has-nested-images columns-default is-cropped wp-block-gallery-2 is-layout-flex wp-block-gallery-is-layout-flex\">\n<figure class=\"wp-block-image size-large\"><a href=\"https:\/\/iestierraestella.educacion.navarra.es\/web\/wp-content\/uploads\/2024\/06\/WhatsApp-Image-2024-06-16-at-15.00.42-scaled.jpeg\"><img loading=\"lazy\" decoding=\"async\" width=\"1024\" height=\"683\" data-id=\"13201\" src=\"https:\/\/iestierraestella.educacion.navarra.es\/web\/wp-content\/uploads\/2024\/06\/WhatsApp-Image-2024-06-16-at-15.00.42-1024x683.jpeg\" alt=\"\" class=\"wp-image-13201\" srcset=\"https:\/\/iestierraestella.educacion.navarra.es\/web\/wp-content\/uploads\/2024\/06\/WhatsApp-Image-2024-06-16-at-15.00.42-1024x683.jpeg 1024w, https:\/\/iestierraestella.educacion.navarra.es\/web\/wp-content\/uploads\/2024\/06\/WhatsApp-Image-2024-06-16-at-15.00.42-300x200.jpeg 300w, https:\/\/iestierraestella.educacion.navarra.es\/web\/wp-content\/uploads\/2024\/06\/WhatsApp-Image-2024-06-16-at-15.00.42-768x512.jpeg 768w, https:\/\/iestierraestella.educacion.navarra.es\/web\/wp-content\/uploads\/2024\/06\/WhatsApp-Image-2024-06-16-at-15.00.42-1536x1024.jpeg 1536w, https:\/\/iestierraestella.educacion.navarra.es\/web\/wp-content\/uploads\/2024\/06\/WhatsApp-Image-2024-06-16-at-15.00.42-2048x1365.jpeg 2048w\" sizes=\"(max-width: 1024px) 100vw, 1024px\" \/><\/a><\/figure>\n\n\n\n<figure class=\"wp-block-image size-large\"><a href=\"https:\/\/iestierraestella.educacion.navarra.es\/web\/wp-content\/uploads\/2024\/06\/WhatsApp-Image-2024-06-16-at-15.00.42-1-scaled.jpeg\"><img loading=\"lazy\" decoding=\"async\" width=\"1024\" height=\"683\" data-id=\"13209\" src=\"https:\/\/iestierraestella.educacion.navarra.es\/web\/wp-content\/uploads\/2024\/06\/WhatsApp-Image-2024-06-16-at-15.00.42-1-1024x683.jpeg\" alt=\"\" class=\"wp-image-13209\" srcset=\"https:\/\/iestierraestella.educacion.navarra.es\/web\/wp-content\/uploads\/2024\/06\/WhatsApp-Image-2024-06-16-at-15.00.42-1-1024x683.jpeg 1024w, https:\/\/iestierraestella.educacion.navarra.es\/web\/wp-content\/uploads\/2024\/06\/WhatsApp-Image-2024-06-16-at-15.00.42-1-300x200.jpeg 300w, https:\/\/iestierraestella.educacion.navarra.es\/web\/wp-content\/uploads\/2024\/06\/WhatsApp-Image-2024-06-16-at-15.00.42-1-768x512.jpeg 768w, https:\/\/iestierraestella.educacion.navarra.es\/web\/wp-content\/uploads\/2024\/06\/WhatsApp-Image-2024-06-16-at-15.00.42-1-1536x1024.jpeg 1536w, https:\/\/iestierraestella.educacion.navarra.es\/web\/wp-content\/uploads\/2024\/06\/WhatsApp-Image-2024-06-16-at-15.00.42-1-2048x1365.jpeg 2048w\" sizes=\"(max-width: 1024px) 100vw, 1024px\" \/><\/a><\/figure>\n\n\n\n<figure class=\"wp-block-image size-large\"><a href=\"https:\/\/iestierraestella.educacion.navarra.es\/web\/wp-content\/uploads\/2024\/06\/WhatsApp-Image-2024-06-16-at-15.00.43-scaled.jpeg\"><img loading=\"lazy\" decoding=\"async\" width=\"1024\" height=\"683\" data-id=\"13203\" src=\"https:\/\/iestierraestella.educacion.navarra.es\/web\/wp-content\/uploads\/2024\/06\/WhatsApp-Image-2024-06-16-at-15.00.43-1024x683.jpeg\" alt=\"\" class=\"wp-image-13203\" srcset=\"https:\/\/iestierraestella.educacion.navarra.es\/web\/wp-content\/uploads\/2024\/06\/WhatsApp-Image-2024-06-16-at-15.00.43-1024x683.jpeg 1024w, https:\/\/iestierraestella.educacion.navarra.es\/web\/wp-content\/uploads\/2024\/06\/WhatsApp-Image-2024-06-16-at-15.00.43-300x200.jpeg 300w, https:\/\/iestierraestella.educacion.navarra.es\/web\/wp-content\/uploads\/2024\/06\/WhatsApp-Image-2024-06-16-at-15.00.43-768x512.jpeg 768w, https:\/\/iestierraestella.educacion.navarra.es\/web\/wp-content\/uploads\/2024\/06\/WhatsApp-Image-2024-06-16-at-15.00.43-1536x1024.jpeg 1536w, https:\/\/iestierraestella.educacion.navarra.es\/web\/wp-content\/uploads\/2024\/06\/WhatsApp-Image-2024-06-16-at-15.00.43-2048x1365.jpeg 2048w\" sizes=\"(max-width: 1024px) 100vw, 1024px\" \/><\/a><\/figure>\n\n\n\n<figure class=\"wp-block-image size-large\"><a href=\"https:\/\/iestierraestella.educacion.navarra.es\/web\/wp-content\/uploads\/2024\/06\/WhatsApp-Image-2024-06-16-at-15.00.43-1.jpeg\"><img loading=\"lazy\" decoding=\"async\" width=\"682\" height=\"1024\" data-id=\"13199\" src=\"https:\/\/iestierraestella.educacion.navarra.es\/web\/wp-content\/uploads\/2024\/06\/WhatsApp-Image-2024-06-16-at-15.00.43-1-682x1024.jpeg\" alt=\"\" class=\"wp-image-13199\" srcset=\"https:\/\/iestierraestella.educacion.navarra.es\/web\/wp-content\/uploads\/2024\/06\/WhatsApp-Image-2024-06-16-at-15.00.43-1-682x1024.jpeg 682w, https:\/\/iestierraestella.educacion.navarra.es\/web\/wp-content\/uploads\/2024\/06\/WhatsApp-Image-2024-06-16-at-15.00.43-1-200x300.jpeg 200w, https:\/\/iestierraestella.educacion.navarra.es\/web\/wp-content\/uploads\/2024\/06\/WhatsApp-Image-2024-06-16-at-15.00.43-1-768x1153.jpeg 768w, https:\/\/iestierraestella.educacion.navarra.es\/web\/wp-content\/uploads\/2024\/06\/WhatsApp-Image-2024-06-16-at-15.00.43-1-1023x1536.jpeg 1023w, https:\/\/iestierraestella.educacion.navarra.es\/web\/wp-content\/uploads\/2024\/06\/WhatsApp-Image-2024-06-16-at-15.00.43-1.jpeg 1066w\" sizes=\"(max-width: 682px) 100vw, 682px\" \/><\/a><\/figure>\n\n\n\n<figure class=\"wp-block-image size-large\"><a href=\"https:\/\/iestierraestella.educacion.navarra.es\/web\/wp-content\/uploads\/2024\/06\/WhatsApp-Image-2024-06-16-at-15.00.43-2-scaled.jpeg\"><img loading=\"lazy\" decoding=\"async\" width=\"768\" height=\"1024\" data-id=\"13204\" src=\"https:\/\/iestierraestella.educacion.navarra.es\/web\/wp-content\/uploads\/2024\/06\/WhatsApp-Image-2024-06-16-at-15.00.43-2-768x1024.jpeg\" alt=\"\" class=\"wp-image-13204\" srcset=\"https:\/\/iestierraestella.educacion.navarra.es\/web\/wp-content\/uploads\/2024\/06\/WhatsApp-Image-2024-06-16-at-15.00.43-2-768x1024.jpeg 768w, https:\/\/iestierraestella.educacion.navarra.es\/web\/wp-content\/uploads\/2024\/06\/WhatsApp-Image-2024-06-16-at-15.00.43-2-225x300.jpeg 225w, https:\/\/iestierraestella.educacion.navarra.es\/web\/wp-content\/uploads\/2024\/06\/WhatsApp-Image-2024-06-16-at-15.00.43-2-1152x1536.jpeg 1152w, https:\/\/iestierraestella.educacion.navarra.es\/web\/wp-content\/uploads\/2024\/06\/WhatsApp-Image-2024-06-16-at-15.00.43-2-1536x2048.jpeg 1536w, https:\/\/iestierraestella.educacion.navarra.es\/web\/wp-content\/uploads\/2024\/06\/WhatsApp-Image-2024-06-16-at-15.00.43-2-scaled.jpeg 1920w\" sizes=\"(max-width: 768px) 100vw, 768px\" \/><\/a><\/figure>\n\n\n\n<figure class=\"wp-block-image size-large\"><a href=\"https:\/\/iestierraestella.educacion.navarra.es\/web\/wp-content\/uploads\/2024\/06\/WhatsApp-Image-2024-06-16-at-15.00.44-scaled.jpeg\"><img loading=\"lazy\" decoding=\"async\" width=\"768\" height=\"1024\" data-id=\"13206\" src=\"https:\/\/iestierraestella.educacion.navarra.es\/web\/wp-content\/uploads\/2024\/06\/WhatsApp-Image-2024-06-16-at-15.00.44-768x1024.jpeg\" alt=\"\" class=\"wp-image-13206\" srcset=\"https:\/\/iestierraestella.educacion.navarra.es\/web\/wp-content\/uploads\/2024\/06\/WhatsApp-Image-2024-06-16-at-15.00.44-768x1024.jpeg 768w, https:\/\/iestierraestella.educacion.navarra.es\/web\/wp-content\/uploads\/2024\/06\/WhatsApp-Image-2024-06-16-at-15.00.44-225x300.jpeg 225w, https:\/\/iestierraestella.educacion.navarra.es\/web\/wp-content\/uploads\/2024\/06\/WhatsApp-Image-2024-06-16-at-15.00.44-1152x1536.jpeg 1152w, https:\/\/iestierraestella.educacion.navarra.es\/web\/wp-content\/uploads\/2024\/06\/WhatsApp-Image-2024-06-16-at-15.00.44-1536x2048.jpeg 1536w, https:\/\/iestierraestella.educacion.navarra.es\/web\/wp-content\/uploads\/2024\/06\/WhatsApp-Image-2024-06-16-at-15.00.44-scaled.jpeg 1920w\" sizes=\"(max-width: 768px) 100vw, 768px\" \/><\/a><\/figure>\n\n\n\n<figure class=\"wp-block-image size-large\"><a href=\"https:\/\/iestierraestella.educacion.navarra.es\/web\/wp-content\/uploads\/2024\/06\/WhatsApp-Image-2024-06-16-at-15.00.41.jpeg\"><img loading=\"lazy\" decoding=\"async\" width=\"1024\" height=\"577\" data-id=\"13211\" src=\"https:\/\/iestierraestella.educacion.navarra.es\/web\/wp-content\/uploads\/2024\/06\/WhatsApp-Image-2024-06-16-at-15.00.41-1024x577.jpeg\" alt=\"\" class=\"wp-image-13211\" srcset=\"https:\/\/iestierraestella.educacion.navarra.es\/web\/wp-content\/uploads\/2024\/06\/WhatsApp-Image-2024-06-16-at-15.00.41-1024x577.jpeg 1024w, https:\/\/iestierraestella.educacion.navarra.es\/web\/wp-content\/uploads\/2024\/06\/WhatsApp-Image-2024-06-16-at-15.00.41-300x169.jpeg 300w, https:\/\/iestierraestella.educacion.navarra.es\/web\/wp-content\/uploads\/2024\/06\/WhatsApp-Image-2024-06-16-at-15.00.41-768x432.jpeg 768w, https:\/\/iestierraestella.educacion.navarra.es\/web\/wp-content\/uploads\/2024\/06\/WhatsApp-Image-2024-06-16-at-15.00.41-1536x865.jpeg 1536w, https:\/\/iestierraestella.educacion.navarra.es\/web\/wp-content\/uploads\/2024\/06\/WhatsApp-Image-2024-06-16-at-15.00.41.jpeg 2048w\" sizes=\"(max-width: 1024px) 100vw, 1024px\" \/><\/a><\/figure>\n\n\n\n<figure class=\"wp-block-image size-large\"><a href=\"https:\/\/iestierraestella.educacion.navarra.es\/web\/wp-content\/uploads\/2024\/06\/WhatsApp-Image-2024-06-16-at-15.00.41-1.jpeg\"><img loading=\"lazy\" decoding=\"async\" width=\"1024\" height=\"683\" data-id=\"13213\" src=\"https:\/\/iestierraestella.educacion.navarra.es\/web\/wp-content\/uploads\/2024\/06\/WhatsApp-Image-2024-06-16-at-15.00.41-1-1024x683.jpeg\" alt=\"\" class=\"wp-image-13213\" srcset=\"https:\/\/iestierraestella.educacion.navarra.es\/web\/wp-content\/uploads\/2024\/06\/WhatsApp-Image-2024-06-16-at-15.00.41-1-1024x683.jpeg 1024w, https:\/\/iestierraestella.educacion.navarra.es\/web\/wp-content\/uploads\/2024\/06\/WhatsApp-Image-2024-06-16-at-15.00.41-1-300x200.jpeg 300w, https:\/\/iestierraestella.educacion.navarra.es\/web\/wp-content\/uploads\/2024\/06\/WhatsApp-Image-2024-06-16-at-15.00.41-1-768x512.jpeg 768w, https:\/\/iestierraestella.educacion.navarra.es\/web\/wp-content\/uploads\/2024\/06\/WhatsApp-Image-2024-06-16-at-15.00.41-1.jpeg 1280w\" sizes=\"(max-width: 1024px) 100vw, 1024px\" \/><\/a><\/figure>\n<\/figure>\n\n\n\n<p><\/p>\n\n\n\n<p>Tercer d\u00eda de nuestro viaje Erasmus:<\/p>\n\n\n\n<p>Hoy nos hemos puesto rumbo hacia \u00abL\u0119zczok Nature Reserve\u00bb. All\u00ed nos hemos separado en 3 grupos y hemos visitado la reserva, y realizado alguna&nbsp; tarea relacionado con los \u00e1rboles y la reserva. Hemos observado varios animales, como, cisnes, patos, diferentes p\u00e1jaros etc. nos han propuesto en parejas sacarnos una foto, la cual incluyese: la lluvia, algo caracter\u00edstico de la reserva y nosotros mismos. La mejor foto gana un peque\u00f1o premio. Despu\u00e9s de caminar a trav\u00e9s de los caminos y ver diferentes zonas de la reserva, nos hemos dirigido a la zona en la que estaban aparcados los autobuses, los cuales nos van a llevar a Katowice, aqu\u00ed hemos visto \u00abMuseum of Silesia\u00bb donde nos hemos separado en 3 grupos, y hemos tenido una visita guiada, la cual ha sido en ingl\u00e9s, pero a pesar de eso hemos aprendido un poco m\u00e1s de la historia de Polonia. Despu\u00e9s hemos regresado cada uno con nuestra Host Family para pasar la tarde junto a ellos.<\/p>\n\n\n\n<figure class=\"wp-block-gallery has-nested-images columns-default is-cropped wp-block-gallery-3 is-layout-flex wp-block-gallery-is-layout-flex\">\n<figure class=\"wp-block-image size-large\"><a href=\"https:\/\/iestierraestella.educacion.navarra.es\/web\/wp-content\/uploads\/2024\/06\/WhatsApp-Image-2024-06-17-at-15.36.09.jpeg\"><img loading=\"lazy\" decoding=\"async\" width=\"708\" height=\"1024\" data-id=\"13236\" src=\"https:\/\/iestierraestella.educacion.navarra.es\/web\/wp-content\/uploads\/2024\/06\/WhatsApp-Image-2024-06-17-at-15.36.09-708x1024.jpeg\" alt=\"\" class=\"wp-image-13236\" srcset=\"https:\/\/iestierraestella.educacion.navarra.es\/web\/wp-content\/uploads\/2024\/06\/WhatsApp-Image-2024-06-17-at-15.36.09-708x1024.jpeg 708w, https:\/\/iestierraestella.educacion.navarra.es\/web\/wp-content\/uploads\/2024\/06\/WhatsApp-Image-2024-06-17-at-15.36.09-208x300.jpeg 208w, https:\/\/iestierraestella.educacion.navarra.es\/web\/wp-content\/uploads\/2024\/06\/WhatsApp-Image-2024-06-17-at-15.36.09-768x1110.jpeg 768w, https:\/\/iestierraestella.educacion.navarra.es\/web\/wp-content\/uploads\/2024\/06\/WhatsApp-Image-2024-06-17-at-15.36.09-1063x1536.jpeg 1063w, https:\/\/iestierraestella.educacion.navarra.es\/web\/wp-content\/uploads\/2024\/06\/WhatsApp-Image-2024-06-17-at-15.36.09.jpeg 1107w\" sizes=\"(max-width: 708px) 100vw, 708px\" \/><\/a><\/figure>\n\n\n\n<figure class=\"wp-block-image size-large\"><a href=\"https:\/\/iestierraestella.educacion.navarra.es\/web\/wp-content\/uploads\/2024\/06\/WhatsApp-Image-2024-06-17-at-15.36.08-3.jpeg\"><img loading=\"lazy\" decoding=\"async\" width=\"683\" height=\"1024\" data-id=\"13238\" src=\"https:\/\/iestierraestella.educacion.navarra.es\/web\/wp-content\/uploads\/2024\/06\/WhatsApp-Image-2024-06-17-at-15.36.08-3-683x1024.jpeg\" alt=\"\" class=\"wp-image-13238\" srcset=\"https:\/\/iestierraestella.educacion.navarra.es\/web\/wp-content\/uploads\/2024\/06\/WhatsApp-Image-2024-06-17-at-15.36.08-3-683x1024.jpeg 683w, https:\/\/iestierraestella.educacion.navarra.es\/web\/wp-content\/uploads\/2024\/06\/WhatsApp-Image-2024-06-17-at-15.36.08-3-200x300.jpeg 200w, https:\/\/iestierraestella.educacion.navarra.es\/web\/wp-content\/uploads\/2024\/06\/WhatsApp-Image-2024-06-17-at-15.36.08-3-768x1152.jpeg 768w, https:\/\/iestierraestella.educacion.navarra.es\/web\/wp-content\/uploads\/2024\/06\/WhatsApp-Image-2024-06-17-at-15.36.08-3.jpeg 1024w\" sizes=\"(max-width: 683px) 100vw, 683px\" \/><\/a><\/figure>\n\n\n\n<figure class=\"wp-block-image size-large\"><a href=\"https:\/\/iestierraestella.educacion.navarra.es\/web\/wp-content\/uploads\/2024\/06\/WhatsApp-Image-2024-06-17-at-15.36.08-2.jpeg\"><img loading=\"lazy\" decoding=\"async\" width=\"1024\" height=\"683\" data-id=\"13244\" src=\"https:\/\/iestierraestella.educacion.navarra.es\/web\/wp-content\/uploads\/2024\/06\/WhatsApp-Image-2024-06-17-at-15.36.08-2-1024x683.jpeg\" alt=\"\" class=\"wp-image-13244\" srcset=\"https:\/\/iestierraestella.educacion.navarra.es\/web\/wp-content\/uploads\/2024\/06\/WhatsApp-Image-2024-06-17-at-15.36.08-2-1024x683.jpeg 1024w, https:\/\/iestierraestella.educacion.navarra.es\/web\/wp-content\/uploads\/2024\/06\/WhatsApp-Image-2024-06-17-at-15.36.08-2-300x200.jpeg 300w, https:\/\/iestierraestella.educacion.navarra.es\/web\/wp-content\/uploads\/2024\/06\/WhatsApp-Image-2024-06-17-at-15.36.08-2-768x512.jpeg 768w, https:\/\/iestierraestella.educacion.navarra.es\/web\/wp-content\/uploads\/2024\/06\/WhatsApp-Image-2024-06-17-at-15.36.08-2.jpeg 1536w\" sizes=\"(max-width: 1024px) 100vw, 1024px\" \/><\/a><\/figure>\n\n\n\n<figure class=\"wp-block-image size-large\"><a href=\"https:\/\/iestierraestella.educacion.navarra.es\/web\/wp-content\/uploads\/2024\/06\/WhatsApp-Image-2024-06-17-at-15.36.08-1.jpeg\"><img loading=\"lazy\" decoding=\"async\" width=\"559\" height=\"1024\" data-id=\"13240\" src=\"https:\/\/iestierraestella.educacion.navarra.es\/web\/wp-content\/uploads\/2024\/06\/WhatsApp-Image-2024-06-17-at-15.36.08-1-559x1024.jpeg\" alt=\"\" class=\"wp-image-13240\" srcset=\"https:\/\/iestierraestella.educacion.navarra.es\/web\/wp-content\/uploads\/2024\/06\/WhatsApp-Image-2024-06-17-at-15.36.08-1-559x1024.jpeg 559w, https:\/\/iestierraestella.educacion.navarra.es\/web\/wp-content\/uploads\/2024\/06\/WhatsApp-Image-2024-06-17-at-15.36.08-1-164x300.jpeg 164w, https:\/\/iestierraestella.educacion.navarra.es\/web\/wp-content\/uploads\/2024\/06\/WhatsApp-Image-2024-06-17-at-15.36.08-1-768x1408.jpeg 768w, https:\/\/iestierraestella.educacion.navarra.es\/web\/wp-content\/uploads\/2024\/06\/WhatsApp-Image-2024-06-17-at-15.36.08-1-838x1536.jpeg 838w, https:\/\/iestierraestella.educacion.navarra.es\/web\/wp-content\/uploads\/2024\/06\/WhatsApp-Image-2024-06-17-at-15.36.08-1.jpeg 1117w\" sizes=\"(max-width: 559px) 100vw, 559px\" \/><\/a><\/figure>\n\n\n\n<figure class=\"wp-block-image size-large\"><a href=\"https:\/\/iestierraestella.educacion.navarra.es\/web\/wp-content\/uploads\/2024\/06\/WhatsApp-Image-2024-06-17-at-15.36.08.jpeg\"><img loading=\"lazy\" decoding=\"async\" width=\"768\" height=\"1024\" data-id=\"13242\" src=\"https:\/\/iestierraestella.educacion.navarra.es\/web\/wp-content\/uploads\/2024\/06\/WhatsApp-Image-2024-06-17-at-15.36.08-768x1024.jpeg\" alt=\"\" class=\"wp-image-13242\" srcset=\"https:\/\/iestierraestella.educacion.navarra.es\/web\/wp-content\/uploads\/2024\/06\/WhatsApp-Image-2024-06-17-at-15.36.08-768x1024.jpeg 768w, https:\/\/iestierraestella.educacion.navarra.es\/web\/wp-content\/uploads\/2024\/06\/WhatsApp-Image-2024-06-17-at-15.36.08-225x300.jpeg 225w, https:\/\/iestierraestella.educacion.navarra.es\/web\/wp-content\/uploads\/2024\/06\/WhatsApp-Image-2024-06-17-at-15.36.08-1152x1536.jpeg 1152w, https:\/\/iestierraestella.educacion.navarra.es\/web\/wp-content\/uploads\/2024\/06\/WhatsApp-Image-2024-06-17-at-15.36.08.jpeg 1536w\" sizes=\"(max-width: 768px) 100vw, 768px\" \/><\/a><\/figure>\n\n\n\n<figure class=\"wp-block-image size-large\"><a href=\"https:\/\/iestierraestella.educacion.navarra.es\/web\/wp-content\/uploads\/2024\/06\/WhatsApp-Image-2024-06-17-at-15.36.09-4-scaled.jpeg\"><img loading=\"lazy\" decoding=\"async\" width=\"768\" height=\"1024\" data-id=\"13245\" src=\"https:\/\/iestierraestella.educacion.navarra.es\/web\/wp-content\/uploads\/2024\/06\/WhatsApp-Image-2024-06-17-at-15.36.09-4-768x1024.jpeg\" alt=\"\" class=\"wp-image-13245\" srcset=\"https:\/\/iestierraestella.educacion.navarra.es\/web\/wp-content\/uploads\/2024\/06\/WhatsApp-Image-2024-06-17-at-15.36.09-4-768x1024.jpeg 768w, https:\/\/iestierraestella.educacion.navarra.es\/web\/wp-content\/uploads\/2024\/06\/WhatsApp-Image-2024-06-17-at-15.36.09-4-225x300.jpeg 225w, https:\/\/iestierraestella.educacion.navarra.es\/web\/wp-content\/uploads\/2024\/06\/WhatsApp-Image-2024-06-17-at-15.36.09-4-1152x1536.jpeg 1152w, https:\/\/iestierraestella.educacion.navarra.es\/web\/wp-content\/uploads\/2024\/06\/WhatsApp-Image-2024-06-17-at-15.36.09-4-1536x2048.jpeg 1536w, https:\/\/iestierraestella.educacion.navarra.es\/web\/wp-content\/uploads\/2024\/06\/WhatsApp-Image-2024-06-17-at-15.36.09-4-scaled.jpeg 1920w\" sizes=\"(max-width: 768px) 100vw, 768px\" \/><\/a><\/figure>\n\n\n\n<figure class=\"wp-block-image size-large\"><a href=\"https:\/\/iestierraestella.educacion.navarra.es\/web\/wp-content\/uploads\/2024\/06\/WhatsApp-Image-2024-06-17-at-15.36.09-3-scaled.jpeg\"><img loading=\"lazy\" decoding=\"async\" width=\"1024\" height=\"768\" data-id=\"13248\" src=\"https:\/\/iestierraestella.educacion.navarra.es\/web\/wp-content\/uploads\/2024\/06\/WhatsApp-Image-2024-06-17-at-15.36.09-3-1024x768.jpeg\" alt=\"\" class=\"wp-image-13248\" srcset=\"https:\/\/iestierraestella.educacion.navarra.es\/web\/wp-content\/uploads\/2024\/06\/WhatsApp-Image-2024-06-17-at-15.36.09-3-1024x768.jpeg 1024w, https:\/\/iestierraestella.educacion.navarra.es\/web\/wp-content\/uploads\/2024\/06\/WhatsApp-Image-2024-06-17-at-15.36.09-3-300x225.jpeg 300w, https:\/\/iestierraestella.educacion.navarra.es\/web\/wp-content\/uploads\/2024\/06\/WhatsApp-Image-2024-06-17-at-15.36.09-3-768x576.jpeg 768w, https:\/\/iestierraestella.educacion.navarra.es\/web\/wp-content\/uploads\/2024\/06\/WhatsApp-Image-2024-06-17-at-15.36.09-3-1536x1152.jpeg 1536w, https:\/\/iestierraestella.educacion.navarra.es\/web\/wp-content\/uploads\/2024\/06\/WhatsApp-Image-2024-06-17-at-15.36.09-3-2048x1536.jpeg 2048w\" sizes=\"(max-width: 1024px) 100vw, 1024px\" \/><\/a><\/figure>\n\n\n\n<figure class=\"wp-block-image size-large\"><a href=\"https:\/\/iestierraestella.educacion.navarra.es\/web\/wp-content\/uploads\/2024\/06\/WhatsApp-Image-2024-06-17-at-15.36.09-2-scaled.jpeg\"><img loading=\"lazy\" decoding=\"async\" width=\"1024\" height=\"768\" data-id=\"13250\" src=\"https:\/\/iestierraestella.educacion.navarra.es\/web\/wp-content\/uploads\/2024\/06\/WhatsApp-Image-2024-06-17-at-15.36.09-2-1024x768.jpeg\" alt=\"\" class=\"wp-image-13250\" srcset=\"https:\/\/iestierraestella.educacion.navarra.es\/web\/wp-content\/uploads\/2024\/06\/WhatsApp-Image-2024-06-17-at-15.36.09-2-1024x768.jpeg 1024w, https:\/\/iestierraestella.educacion.navarra.es\/web\/wp-content\/uploads\/2024\/06\/WhatsApp-Image-2024-06-17-at-15.36.09-2-300x225.jpeg 300w, https:\/\/iestierraestella.educacion.navarra.es\/web\/wp-content\/uploads\/2024\/06\/WhatsApp-Image-2024-06-17-at-15.36.09-2-768x576.jpeg 768w, https:\/\/iestierraestella.educacion.navarra.es\/web\/wp-content\/uploads\/2024\/06\/WhatsApp-Image-2024-06-17-at-15.36.09-2-1536x1152.jpeg 1536w, https:\/\/iestierraestella.educacion.navarra.es\/web\/wp-content\/uploads\/2024\/06\/WhatsApp-Image-2024-06-17-at-15.36.09-2-2048x1536.jpeg 2048w\" sizes=\"(max-width: 1024px) 100vw, 1024px\" \/><\/a><\/figure>\n\n\n\n<figure class=\"wp-block-image size-large\"><a href=\"https:\/\/iestierraestella.educacion.navarra.es\/web\/wp-content\/uploads\/2024\/06\/WhatsApp-Image-2024-06-17-at-15.36.09-1-scaled.jpeg\"><img loading=\"lazy\" decoding=\"async\" width=\"683\" height=\"1024\" data-id=\"13252\" src=\"https:\/\/iestierraestella.educacion.navarra.es\/web\/wp-content\/uploads\/2024\/06\/WhatsApp-Image-2024-06-17-at-15.36.09-1-683x1024.jpeg\" alt=\"\" class=\"wp-image-13252\" srcset=\"https:\/\/iestierraestella.educacion.navarra.es\/web\/wp-content\/uploads\/2024\/06\/WhatsApp-Image-2024-06-17-at-15.36.09-1-683x1024.jpeg 683w, https:\/\/iestierraestella.educacion.navarra.es\/web\/wp-content\/uploads\/2024\/06\/WhatsApp-Image-2024-06-17-at-15.36.09-1-200x300.jpeg 200w, https:\/\/iestierraestella.educacion.navarra.es\/web\/wp-content\/uploads\/2024\/06\/WhatsApp-Image-2024-06-17-at-15.36.09-1-768x1152.jpeg 768w, https:\/\/iestierraestella.educacion.navarra.es\/web\/wp-content\/uploads\/2024\/06\/WhatsApp-Image-2024-06-17-at-15.36.09-1-1024x1536.jpeg 1024w, https:\/\/iestierraestella.educacion.navarra.es\/web\/wp-content\/uploads\/2024\/06\/WhatsApp-Image-2024-06-17-at-15.36.09-1-1365x2048.jpeg 1365w, https:\/\/iestierraestella.educacion.navarra.es\/web\/wp-content\/uploads\/2024\/06\/WhatsApp-Image-2024-06-17-at-15.36.09-1-scaled.jpeg 1707w\" sizes=\"(max-width: 683px) 100vw, 683px\" \/><\/a><\/figure>\n<\/figure>\n\n\n\n<p><\/p>\n\n\n\n<p>Cuarto d\u00eda en Polonia:<\/p>\n\n\n\n<p>Hoy comenzamos el cuarto d\u00eda subidos en autob\u00fas direcci\u00f3n al rio O\u2019der, junto a la frontera de la Rep\u00fablica Checa, para pasar una magn\u00edfica ma\u00f1ana paseando en piragua. Descendimos el rio 8 m disfrutando del paisaje lleno de meandros y de la fauna que hay sobre el agua. Nos dieron unas nociones b\u00e1sicas y normas para el descenso. Despu\u00e9s caminamos hasta un camping a dos kil\u00f3metros para comer.<\/p>\n\n\n\n<p>Al llegar a Wodzislaw Slaski,&nbsp; cada&nbsp; uno se fue a su casa con su host a prepararse para la fiesta de despedida en el Instituto.&nbsp; El director del centro y las profesoras coordinadoras, nos dieron un diploma y una bolsa como recuerdo del programa Erasmus en Polonia.<\/p>\n\n\n\n<p>En la despedida hubo m\u00fasica, interpretada por el alumnado,&nbsp; juegos sobre la historia de Polonia, bailes t\u00edpicos y comida t\u00edpica polaca. Lleg\u00f3 la hora de las despedidas, fue un momento emotivo porque hab\u00edamos compartido muchos momentos tanto en las casas como en las diferentes actividades.<\/p>\n\n\n\n<figure class=\"wp-block-gallery has-nested-images columns-default is-cropped wp-block-gallery-4 is-layout-flex wp-block-gallery-is-layout-flex\">\n<figure class=\"wp-block-image size-large\"><a href=\"https:\/\/iestierraestella.educacion.navarra.es\/web\/wp-content\/uploads\/2024\/06\/WhatsApp-Image-2024-06-19-at-09.59.51-2.jpeg\"><img loading=\"lazy\" decoding=\"async\" width=\"1024\" height=\"768\" data-id=\"13264\" src=\"https:\/\/iestierraestella.educacion.navarra.es\/web\/wp-content\/uploads\/2024\/06\/WhatsApp-Image-2024-06-19-at-09.59.51-2-1024x768.jpeg\" alt=\"\" class=\"wp-image-13264\" srcset=\"https:\/\/iestierraestella.educacion.navarra.es\/web\/wp-content\/uploads\/2024\/06\/WhatsApp-Image-2024-06-19-at-09.59.51-2-1024x768.jpeg 1024w, https:\/\/iestierraestella.educacion.navarra.es\/web\/wp-content\/uploads\/2024\/06\/WhatsApp-Image-2024-06-19-at-09.59.51-2-300x225.jpeg 300w, https:\/\/iestierraestella.educacion.navarra.es\/web\/wp-content\/uploads\/2024\/06\/WhatsApp-Image-2024-06-19-at-09.59.51-2-768x576.jpeg 768w, https:\/\/iestierraestella.educacion.navarra.es\/web\/wp-content\/uploads\/2024\/06\/WhatsApp-Image-2024-06-19-at-09.59.51-2-1536x1152.jpeg 1536w, https:\/\/iestierraestella.educacion.navarra.es\/web\/wp-content\/uploads\/2024\/06\/WhatsApp-Image-2024-06-19-at-09.59.51-2.jpeg 1600w\" sizes=\"(max-width: 1024px) 100vw, 1024px\" \/><\/a><\/figure>\n\n\n\n<figure class=\"wp-block-image size-large\"><a href=\"https:\/\/iestierraestella.educacion.navarra.es\/web\/wp-content\/uploads\/2024\/06\/WhatsApp-Image-2024-06-19-at-09.59.51-1.jpeg\"><img loading=\"lazy\" decoding=\"async\" width=\"585\" height=\"1024\" data-id=\"13263\" src=\"https:\/\/iestierraestella.educacion.navarra.es\/web\/wp-content\/uploads\/2024\/06\/WhatsApp-Image-2024-06-19-at-09.59.51-1-585x1024.jpeg\" alt=\"\" class=\"wp-image-13263\" srcset=\"https:\/\/iestierraestella.educacion.navarra.es\/web\/wp-content\/uploads\/2024\/06\/WhatsApp-Image-2024-06-19-at-09.59.51-1-585x1024.jpeg 585w, https:\/\/iestierraestella.educacion.navarra.es\/web\/wp-content\/uploads\/2024\/06\/WhatsApp-Image-2024-06-19-at-09.59.51-1-171x300.jpeg 171w, https:\/\/iestierraestella.educacion.navarra.es\/web\/wp-content\/uploads\/2024\/06\/WhatsApp-Image-2024-06-19-at-09.59.51-1.jpeg 720w\" sizes=\"(max-width: 585px) 100vw, 585px\" \/><\/a><\/figure>\n\n\n\n<figure class=\"wp-block-image size-large\"><a href=\"https:\/\/iestierraestella.educacion.navarra.es\/web\/wp-content\/uploads\/2024\/06\/WhatsApp-Image-2024-06-19-at-09.59.51.jpeg\"><img loading=\"lazy\" decoding=\"async\" width=\"768\" height=\"1024\" data-id=\"13267\" src=\"https:\/\/iestierraestella.educacion.navarra.es\/web\/wp-content\/uploads\/2024\/06\/WhatsApp-Image-2024-06-19-at-09.59.51-768x1024.jpeg\" alt=\"\" class=\"wp-image-13267\" srcset=\"https:\/\/iestierraestella.educacion.navarra.es\/web\/wp-content\/uploads\/2024\/06\/WhatsApp-Image-2024-06-19-at-09.59.51-768x1024.jpeg 768w, https:\/\/iestierraestella.educacion.navarra.es\/web\/wp-content\/uploads\/2024\/06\/WhatsApp-Image-2024-06-19-at-09.59.51-225x300.jpeg 225w, https:\/\/iestierraestella.educacion.navarra.es\/web\/wp-content\/uploads\/2024\/06\/WhatsApp-Image-2024-06-19-at-09.59.51-1152x1536.jpeg 1152w, https:\/\/iestierraestella.educacion.navarra.es\/web\/wp-content\/uploads\/2024\/06\/WhatsApp-Image-2024-06-19-at-09.59.51.jpeg 1200w\" sizes=\"(max-width: 768px) 100vw, 768px\" \/><\/a><\/figure>\n\n\n\n<figure class=\"wp-block-image size-large\"><a href=\"https:\/\/iestierraestella.educacion.navarra.es\/web\/wp-content\/uploads\/2024\/06\/WhatsApp-Image-2024-06-19-at-09.59.50-1.jpeg\"><img loading=\"lazy\" decoding=\"async\" width=\"1024\" height=\"768\" data-id=\"13269\" src=\"https:\/\/iestierraestella.educacion.navarra.es\/web\/wp-content\/uploads\/2024\/06\/WhatsApp-Image-2024-06-19-at-09.59.50-1-1024x768.jpeg\" alt=\"\" class=\"wp-image-13269\" srcset=\"https:\/\/iestierraestella.educacion.navarra.es\/web\/wp-content\/uploads\/2024\/06\/WhatsApp-Image-2024-06-19-at-09.59.50-1-1024x768.jpeg 1024w, https:\/\/iestierraestella.educacion.navarra.es\/web\/wp-content\/uploads\/2024\/06\/WhatsApp-Image-2024-06-19-at-09.59.50-1-300x225.jpeg 300w, https:\/\/iestierraestella.educacion.navarra.es\/web\/wp-content\/uploads\/2024\/06\/WhatsApp-Image-2024-06-19-at-09.59.50-1-768x576.jpeg 768w, https:\/\/iestierraestella.educacion.navarra.es\/web\/wp-content\/uploads\/2024\/06\/WhatsApp-Image-2024-06-19-at-09.59.50-1-1536x1152.jpeg 1536w, https:\/\/iestierraestella.educacion.navarra.es\/web\/wp-content\/uploads\/2024\/06\/WhatsApp-Image-2024-06-19-at-09.59.50-1.jpeg 1600w\" sizes=\"(max-width: 1024px) 100vw, 1024px\" \/><\/a><\/figure>\n\n\n\n<figure class=\"wp-block-image size-large\"><a href=\"https:\/\/iestierraestella.educacion.navarra.es\/web\/wp-content\/uploads\/2024\/06\/WhatsApp-Image-2024-06-19-at-09.59.50.jpeg\"><img loading=\"lazy\" decoding=\"async\" width=\"768\" height=\"1024\" data-id=\"13271\" src=\"https:\/\/iestierraestella.educacion.navarra.es\/web\/wp-content\/uploads\/2024\/06\/WhatsApp-Image-2024-06-19-at-09.59.50-768x1024.jpeg\" alt=\"\" class=\"wp-image-13271\" srcset=\"https:\/\/iestierraestella.educacion.navarra.es\/web\/wp-content\/uploads\/2024\/06\/WhatsApp-Image-2024-06-19-at-09.59.50-768x1024.jpeg 768w, https:\/\/iestierraestella.educacion.navarra.es\/web\/wp-content\/uploads\/2024\/06\/WhatsApp-Image-2024-06-19-at-09.59.50-225x300.jpeg 225w, https:\/\/iestierraestella.educacion.navarra.es\/web\/wp-content\/uploads\/2024\/06\/WhatsApp-Image-2024-06-19-at-09.59.50-1152x1536.jpeg 1152w, https:\/\/iestierraestella.educacion.navarra.es\/web\/wp-content\/uploads\/2024\/06\/WhatsApp-Image-2024-06-19-at-09.59.50.jpeg 1200w\" sizes=\"(max-width: 768px) 100vw, 768px\" \/><\/a><\/figure>\n\n\n\n<figure class=\"wp-block-image size-large\"><a href=\"https:\/\/iestierraestella.educacion.navarra.es\/web\/wp-content\/uploads\/2024\/06\/WhatsApp-Image-2024-06-19-at-09.59.52.jpeg\"><img loading=\"lazy\" decoding=\"async\" width=\"1024\" height=\"738\" data-id=\"13270\" src=\"https:\/\/iestierraestella.educacion.navarra.es\/web\/wp-content\/uploads\/2024\/06\/WhatsApp-Image-2024-06-19-at-09.59.52-1024x738.jpeg\" alt=\"\" class=\"wp-image-13270\" srcset=\"https:\/\/iestierraestella.educacion.navarra.es\/web\/wp-content\/uploads\/2024\/06\/WhatsApp-Image-2024-06-19-at-09.59.52-1024x738.jpeg 1024w, https:\/\/iestierraestella.educacion.navarra.es\/web\/wp-content\/uploads\/2024\/06\/WhatsApp-Image-2024-06-19-at-09.59.52-300x216.jpeg 300w, https:\/\/iestierraestella.educacion.navarra.es\/web\/wp-content\/uploads\/2024\/06\/WhatsApp-Image-2024-06-19-at-09.59.52-768x553.jpeg 768w, https:\/\/iestierraestella.educacion.navarra.es\/web\/wp-content\/uploads\/2024\/06\/WhatsApp-Image-2024-06-19-at-09.59.52-1536x1107.jpeg 1536w, https:\/\/iestierraestella.educacion.navarra.es\/web\/wp-content\/uploads\/2024\/06\/WhatsApp-Image-2024-06-19-at-09.59.52.jpeg 1600w\" sizes=\"(max-width: 1024px) 100vw, 1024px\" \/><\/a><\/figure>\n\n\n\n<figure class=\"wp-block-image size-large\"><a href=\"https:\/\/iestierraestella.educacion.navarra.es\/web\/wp-content\/uploads\/2024\/06\/WhatsApp-Image-2024-06-19-at-09.59.51-4.jpeg\"><img loading=\"lazy\" decoding=\"async\" width=\"1024\" height=\"768\" data-id=\"13275\" src=\"https:\/\/iestierraestella.educacion.navarra.es\/web\/wp-content\/uploads\/2024\/06\/WhatsApp-Image-2024-06-19-at-09.59.51-4-1024x768.jpeg\" alt=\"\" class=\"wp-image-13275\" srcset=\"https:\/\/iestierraestella.educacion.navarra.es\/web\/wp-content\/uploads\/2024\/06\/WhatsApp-Image-2024-06-19-at-09.59.51-4-1024x768.jpeg 1024w, https:\/\/iestierraestella.educacion.navarra.es\/web\/wp-content\/uploads\/2024\/06\/WhatsApp-Image-2024-06-19-at-09.59.51-4-300x225.jpeg 300w, https:\/\/iestierraestella.educacion.navarra.es\/web\/wp-content\/uploads\/2024\/06\/WhatsApp-Image-2024-06-19-at-09.59.51-4-768x576.jpeg 768w, https:\/\/iestierraestella.educacion.navarra.es\/web\/wp-content\/uploads\/2024\/06\/WhatsApp-Image-2024-06-19-at-09.59.51-4-1536x1153.jpeg 1536w, https:\/\/iestierraestella.educacion.navarra.es\/web\/wp-content\/uploads\/2024\/06\/WhatsApp-Image-2024-06-19-at-09.59.51-4.jpeg 1599w\" sizes=\"(max-width: 1024px) 100vw, 1024px\" \/><\/a><\/figure>\n\n\n\n<figure class=\"wp-block-image size-large\"><a href=\"https:\/\/iestierraestella.educacion.navarra.es\/web\/wp-content\/uploads\/2024\/06\/WhatsApp-Image-2024-06-19-at-09.59.51-3.jpeg\"><img loading=\"lazy\" decoding=\"async\" width=\"1024\" height=\"768\" data-id=\"13277\" src=\"https:\/\/iestierraestella.educacion.navarra.es\/web\/wp-content\/uploads\/2024\/06\/WhatsApp-Image-2024-06-19-at-09.59.51-3-1024x768.jpeg\" alt=\"\" class=\"wp-image-13277\" srcset=\"https:\/\/iestierraestella.educacion.navarra.es\/web\/wp-content\/uploads\/2024\/06\/WhatsApp-Image-2024-06-19-at-09.59.51-3-1024x768.jpeg 1024w, https:\/\/iestierraestella.educacion.navarra.es\/web\/wp-content\/uploads\/2024\/06\/WhatsApp-Image-2024-06-19-at-09.59.51-3-300x225.jpeg 300w, https:\/\/iestierraestella.educacion.navarra.es\/web\/wp-content\/uploads\/2024\/06\/WhatsApp-Image-2024-06-19-at-09.59.51-3-768x576.jpeg 768w, https:\/\/iestierraestella.educacion.navarra.es\/web\/wp-content\/uploads\/2024\/06\/WhatsApp-Image-2024-06-19-at-09.59.51-3-1536x1153.jpeg 1536w, https:\/\/iestierraestella.educacion.navarra.es\/web\/wp-content\/uploads\/2024\/06\/WhatsApp-Image-2024-06-19-at-09.59.51-3.jpeg 1599w\" sizes=\"(max-width: 1024px) 100vw, 1024px\" \/><\/a><\/figure>\n<\/figure>\n\n\n\n<p><\/p>\n\n\n\n<p>Quinto d\u00eda en Polonia:<\/p>\n\n\n\n<p>Despu\u00e9s de las despedidas, lleg\u00f3 el d\u00eda de la visita a los campos de concentraci\u00f3n de Auswitch y Birkenau.<\/p>\n\n\n\n<p>All\u00ed nos explicaron la evoluci\u00f3n de Polonia en el siglo XX y como el campo de Auswitch desde 1941 a 1943 fue un campo de concentraci\u00f3n.&nbsp; Despu\u00e9s pas\u00f3 a ser un campo de exterminio nazi con la ocupaci\u00f3n de Alemania. Nos contaron como era el recorrido para tantas personas, gitanos, jud\u00edos, rumanos&#8230;desde que se montaban en el tren, con sus maletas&#8230;pensando que iban a otros lugares donde podr\u00edan vivir mejor. No sab\u00edan&nbsp; qu\u00e9 les esperaba. Muchas personas, ni\u00f1os, mujeres embarazadas, hombres iban directamente a la c\u00e1mara de gas pensando que iban a una ducha. Pudimos ver las condiciones que aquellas personas viv\u00edan y c\u00f3mo era su d\u00eda a d\u00eda.<\/p>\n\n\n\n<p>Despu\u00e9s visitamos el campo de Birkenau, que se construy\u00f3 porque Auschwitz no pod\u00eda cumplir los objetivos de los nazis, siendo 25 veces m\u00e1s grande que el de Auschwitz.<\/p>\n\n\n\n<p>Sobrecoge escuchar las palabras de la gu\u00eda,&nbsp; ver parte de c\u00f3mo era ese campo, sus instalaciones tan reducidas e insalubres, tan diferentes a las condiciones de los soldados de las SS.<\/p>\n\n\n\n<p>Por la tarde con un gu\u00eda espa\u00f1ol visitamos el barrio jud\u00edo de Cracovia, ese barrio que Steven Spielberg escogi\u00f3 para la pel\u00edcula La lista de Slinder. Despu\u00e9s de pasar el puente de los enamorados visitamos el barrio cristiano.<\/p>\n\n\n\n<p>Un poco de tiempo libre, antes de acudir al Hostel, para dormir y volver a nuestra tierra.<\/p>\n\n\n\n<figure class=\"wp-block-gallery has-nested-images columns-default is-cropped wp-block-gallery-5 is-layout-flex wp-block-gallery-is-layout-flex\">\n<figure class=\"wp-block-image size-large\"><a href=\"https:\/\/iestierraestella.educacion.navarra.es\/web\/wp-content\/uploads\/2024\/06\/WhatsApp-Image-2024-06-20-at-16.50.41-4.jpeg\"><img loading=\"lazy\" decoding=\"async\" width=\"1024\" height=\"683\" data-id=\"13291\" src=\"https:\/\/iestierraestella.educacion.navarra.es\/web\/wp-content\/uploads\/2024\/06\/WhatsApp-Image-2024-06-20-at-16.50.41-4-1024x683.jpeg\" alt=\"\" class=\"wp-image-13291\" srcset=\"https:\/\/iestierraestella.educacion.navarra.es\/web\/wp-content\/uploads\/2024\/06\/WhatsApp-Image-2024-06-20-at-16.50.41-4-1024x683.jpeg 1024w, https:\/\/iestierraestella.educacion.navarra.es\/web\/wp-content\/uploads\/2024\/06\/WhatsApp-Image-2024-06-20-at-16.50.41-4-300x200.jpeg 300w, https:\/\/iestierraestella.educacion.navarra.es\/web\/wp-content\/uploads\/2024\/06\/WhatsApp-Image-2024-06-20-at-16.50.41-4-768x512.jpeg 768w, https:\/\/iestierraestella.educacion.navarra.es\/web\/wp-content\/uploads\/2024\/06\/WhatsApp-Image-2024-06-20-at-16.50.41-4.jpeg 1536w\" sizes=\"(max-width: 1024px) 100vw, 1024px\" \/><\/a><\/figure>\n\n\n\n<figure class=\"wp-block-image size-large\"><a href=\"https:\/\/iestierraestella.educacion.navarra.es\/web\/wp-content\/uploads\/2024\/06\/WhatsApp-Image-2024-06-20-at-16.50.41-3.jpeg\"><img loading=\"lazy\" decoding=\"async\" width=\"1024\" height=\"683\" data-id=\"13289\" src=\"https:\/\/iestierraestella.educacion.navarra.es\/web\/wp-content\/uploads\/2024\/06\/WhatsApp-Image-2024-06-20-at-16.50.41-3-1024x683.jpeg\" alt=\"\" class=\"wp-image-13289\" srcset=\"https:\/\/iestierraestella.educacion.navarra.es\/web\/wp-content\/uploads\/2024\/06\/WhatsApp-Image-2024-06-20-at-16.50.41-3-1024x683.jpeg 1024w, https:\/\/iestierraestella.educacion.navarra.es\/web\/wp-content\/uploads\/2024\/06\/WhatsApp-Image-2024-06-20-at-16.50.41-3-300x200.jpeg 300w, https:\/\/iestierraestella.educacion.navarra.es\/web\/wp-content\/uploads\/2024\/06\/WhatsApp-Image-2024-06-20-at-16.50.41-3-768x512.jpeg 768w, https:\/\/iestierraestella.educacion.navarra.es\/web\/wp-content\/uploads\/2024\/06\/WhatsApp-Image-2024-06-20-at-16.50.41-3.jpeg 1536w\" sizes=\"(max-width: 1024px) 100vw, 1024px\" \/><\/a><\/figure>\n\n\n\n<figure class=\"wp-block-image size-large\"><a href=\"https:\/\/iestierraestella.educacion.navarra.es\/web\/wp-content\/uploads\/2024\/06\/WhatsApp-Image-2024-06-20-at-16.50.41-2-scaled.jpeg\"><img loading=\"lazy\" decoding=\"async\" width=\"1024\" height=\"683\" data-id=\"13293\" src=\"https:\/\/iestierraestella.educacion.navarra.es\/web\/wp-content\/uploads\/2024\/06\/WhatsApp-Image-2024-06-20-at-16.50.41-2-1024x683.jpeg\" alt=\"\" class=\"wp-image-13293\" srcset=\"https:\/\/iestierraestella.educacion.navarra.es\/web\/wp-content\/uploads\/2024\/06\/WhatsApp-Image-2024-06-20-at-16.50.41-2-1024x683.jpeg 1024w, https:\/\/iestierraestella.educacion.navarra.es\/web\/wp-content\/uploads\/2024\/06\/WhatsApp-Image-2024-06-20-at-16.50.41-2-300x200.jpeg 300w, https:\/\/iestierraestella.educacion.navarra.es\/web\/wp-content\/uploads\/2024\/06\/WhatsApp-Image-2024-06-20-at-16.50.41-2-768x512.jpeg 768w, https:\/\/iestierraestella.educacion.navarra.es\/web\/wp-content\/uploads\/2024\/06\/WhatsApp-Image-2024-06-20-at-16.50.41-2-1536x1024.jpeg 1536w, https:\/\/iestierraestella.educacion.navarra.es\/web\/wp-content\/uploads\/2024\/06\/WhatsApp-Image-2024-06-20-at-16.50.41-2-2048x1365.jpeg 2048w\" sizes=\"(max-width: 1024px) 100vw, 1024px\" \/><\/a><\/figure>\n\n\n\n<figure class=\"wp-block-image size-large\"><a href=\"https:\/\/iestierraestella.educacion.navarra.es\/web\/wp-content\/uploads\/2024\/06\/WhatsApp-Image-2024-06-20-at-16.50.41-1.jpeg\"><img loading=\"lazy\" decoding=\"async\" width=\"1024\" height=\"768\" data-id=\"13283\" src=\"https:\/\/iestierraestella.educacion.navarra.es\/web\/wp-content\/uploads\/2024\/06\/WhatsApp-Image-2024-06-20-at-16.50.41-1-1024x768.jpeg\" alt=\"\" class=\"wp-image-13283\" srcset=\"https:\/\/iestierraestella.educacion.navarra.es\/web\/wp-content\/uploads\/2024\/06\/WhatsApp-Image-2024-06-20-at-16.50.41-1-1024x768.jpeg 1024w, https:\/\/iestierraestella.educacion.navarra.es\/web\/wp-content\/uploads\/2024\/06\/WhatsApp-Image-2024-06-20-at-16.50.41-1-300x225.jpeg 300w, https:\/\/iestierraestella.educacion.navarra.es\/web\/wp-content\/uploads\/2024\/06\/WhatsApp-Image-2024-06-20-at-16.50.41-1-768x576.jpeg 768w, https:\/\/iestierraestella.educacion.navarra.es\/web\/wp-content\/uploads\/2024\/06\/WhatsApp-Image-2024-06-20-at-16.50.41-1.jpeg 1080w\" sizes=\"(max-width: 1024px) 100vw, 1024px\" \/><\/a><\/figure>\n\n\n\n<figure class=\"wp-block-image size-large\"><a href=\"https:\/\/iestierraestella.educacion.navarra.es\/web\/wp-content\/uploads\/2024\/06\/WhatsApp-Image-2024-06-20-at-16.50.41.jpeg\"><img loading=\"lazy\" decoding=\"async\" width=\"1024\" height=\"576\" data-id=\"13284\" src=\"https:\/\/iestierraestella.educacion.navarra.es\/web\/wp-content\/uploads\/2024\/06\/WhatsApp-Image-2024-06-20-at-16.50.41-1024x576.jpeg\" alt=\"\" class=\"wp-image-13284\" srcset=\"https:\/\/iestierraestella.educacion.navarra.es\/web\/wp-content\/uploads\/2024\/06\/WhatsApp-Image-2024-06-20-at-16.50.41-1024x576.jpeg 1024w, https:\/\/iestierraestella.educacion.navarra.es\/web\/wp-content\/uploads\/2024\/06\/WhatsApp-Image-2024-06-20-at-16.50.41-300x169.jpeg 300w, https:\/\/iestierraestella.educacion.navarra.es\/web\/wp-content\/uploads\/2024\/06\/WhatsApp-Image-2024-06-20-at-16.50.41-768x432.jpeg 768w, https:\/\/iestierraestella.educacion.navarra.es\/web\/wp-content\/uploads\/2024\/06\/WhatsApp-Image-2024-06-20-at-16.50.41.jpeg 1080w\" sizes=\"(max-width: 1024px) 100vw, 1024px\" \/><\/a><\/figure>\n\n\n\n<figure class=\"wp-block-image size-large\"><a href=\"https:\/\/iestierraestella.educacion.navarra.es\/web\/wp-content\/uploads\/2024\/06\/WhatsApp-Image-2024-06-20-at-16.50.40-7.jpeg\"><img loading=\"lazy\" decoding=\"async\" width=\"577\" height=\"1024\" data-id=\"13287\" src=\"https:\/\/iestierraestella.educacion.navarra.es\/web\/wp-content\/uploads\/2024\/06\/WhatsApp-Image-2024-06-20-at-16.50.40-7-577x1024.jpeg\" alt=\"\" class=\"wp-image-13287\" srcset=\"https:\/\/iestierraestella.educacion.navarra.es\/web\/wp-content\/uploads\/2024\/06\/WhatsApp-Image-2024-06-20-at-16.50.40-7-577x1024.jpeg 577w, https:\/\/iestierraestella.educacion.navarra.es\/web\/wp-content\/uploads\/2024\/06\/WhatsApp-Image-2024-06-20-at-16.50.40-7-169x300.jpeg 169w, https:\/\/iestierraestella.educacion.navarra.es\/web\/wp-content\/uploads\/2024\/06\/WhatsApp-Image-2024-06-20-at-16.50.40-7-768x1364.jpeg 768w, https:\/\/iestierraestella.educacion.navarra.es\/web\/wp-content\/uploads\/2024\/06\/WhatsApp-Image-2024-06-20-at-16.50.40-7-865x1536.jpeg 865w, https:\/\/iestierraestella.educacion.navarra.es\/web\/wp-content\/uploads\/2024\/06\/WhatsApp-Image-2024-06-20-at-16.50.40-7.jpeg 901w\" sizes=\"(max-width: 577px) 100vw, 577px\" \/><\/a><\/figure>\n\n\n\n<figure class=\"wp-block-image size-large\"><a href=\"https:\/\/iestierraestella.educacion.navarra.es\/web\/wp-content\/uploads\/2024\/06\/WhatsApp-Image-2024-06-20-at-16.50.40-6.jpeg\"><img loading=\"lazy\" decoding=\"async\" width=\"1024\" height=\"576\" data-id=\"13295\" src=\"https:\/\/iestierraestella.educacion.navarra.es\/web\/wp-content\/uploads\/2024\/06\/WhatsApp-Image-2024-06-20-at-16.50.40-6-1024x576.jpeg\" alt=\"\" class=\"wp-image-13295\" srcset=\"https:\/\/iestierraestella.educacion.navarra.es\/web\/wp-content\/uploads\/2024\/06\/WhatsApp-Image-2024-06-20-at-16.50.40-6-1024x576.jpeg 1024w, https:\/\/iestierraestella.educacion.navarra.es\/web\/wp-content\/uploads\/2024\/06\/WhatsApp-Image-2024-06-20-at-16.50.40-6-300x169.jpeg 300w, https:\/\/iestierraestella.educacion.navarra.es\/web\/wp-content\/uploads\/2024\/06\/WhatsApp-Image-2024-06-20-at-16.50.40-6-768x432.jpeg 768w, https:\/\/iestierraestella.educacion.navarra.es\/web\/wp-content\/uploads\/2024\/06\/WhatsApp-Image-2024-06-20-at-16.50.40-6.jpeg 1080w\" sizes=\"(max-width: 1024px) 100vw, 1024px\" \/><\/a><\/figure>\n\n\n\n<figure class=\"wp-block-image size-large\"><a href=\"https:\/\/iestierraestella.educacion.navarra.es\/web\/wp-content\/uploads\/2024\/06\/WhatsApp-Image-2024-06-20-at-16.50.40-5.jpeg\"><img loading=\"lazy\" decoding=\"async\" width=\"1024\" height=\"683\" data-id=\"13297\" src=\"https:\/\/iestierraestella.educacion.navarra.es\/web\/wp-content\/uploads\/2024\/06\/WhatsApp-Image-2024-06-20-at-16.50.40-5-1024x683.jpeg\" alt=\"\" class=\"wp-image-13297\" srcset=\"https:\/\/iestierraestella.educacion.navarra.es\/web\/wp-content\/uploads\/2024\/06\/WhatsApp-Image-2024-06-20-at-16.50.40-5-1024x683.jpeg 1024w, https:\/\/iestierraestella.educacion.navarra.es\/web\/wp-content\/uploads\/2024\/06\/WhatsApp-Image-2024-06-20-at-16.50.40-5-300x200.jpeg 300w, https:\/\/iestierraestella.educacion.navarra.es\/web\/wp-content\/uploads\/2024\/06\/WhatsApp-Image-2024-06-20-at-16.50.40-5-768x512.jpeg 768w, https:\/\/iestierraestella.educacion.navarra.es\/web\/wp-content\/uploads\/2024\/06\/WhatsApp-Image-2024-06-20-at-16.50.40-5.jpeg 1536w\" sizes=\"(max-width: 1024px) 100vw, 1024px\" \/><\/a><\/figure>\n\n\n\n<figure class=\"wp-block-image size-large\"><a href=\"https:\/\/iestierraestella.educacion.navarra.es\/web\/wp-content\/uploads\/2024\/06\/WhatsApp-Image-2024-06-20-at-16.50.40-4.jpeg\"><img loading=\"lazy\" decoding=\"async\" width=\"577\" height=\"1024\" data-id=\"13299\" src=\"https:\/\/iestierraestella.educacion.navarra.es\/web\/wp-content\/uploads\/2024\/06\/WhatsApp-Image-2024-06-20-at-16.50.40-4-577x1024.jpeg\" alt=\"\" class=\"wp-image-13299\" srcset=\"https:\/\/iestierraestella.educacion.navarra.es\/web\/wp-content\/uploads\/2024\/06\/WhatsApp-Image-2024-06-20-at-16.50.40-4-577x1024.jpeg 577w, https:\/\/iestierraestella.educacion.navarra.es\/web\/wp-content\/uploads\/2024\/06\/WhatsApp-Image-2024-06-20-at-16.50.40-4-169x300.jpeg 169w, https:\/\/iestierraestella.educacion.navarra.es\/web\/wp-content\/uploads\/2024\/06\/WhatsApp-Image-2024-06-20-at-16.50.40-4-768x1364.jpeg 768w, https:\/\/iestierraestella.educacion.navarra.es\/web\/wp-content\/uploads\/2024\/06\/WhatsApp-Image-2024-06-20-at-16.50.40-4-865x1536.jpeg 865w, https:\/\/iestierraestella.educacion.navarra.es\/web\/wp-content\/uploads\/2024\/06\/WhatsApp-Image-2024-06-20-at-16.50.40-4.jpeg 901w\" sizes=\"(max-width: 577px) 100vw, 577px\" \/><\/a><\/figure>\n\n\n\n<figure class=\"wp-block-image size-large\"><a href=\"https:\/\/iestierraestella.educacion.navarra.es\/web\/wp-content\/uploads\/2024\/06\/WhatsApp-Image-2024-06-20-at-16.50.40-3.jpeg\"><img loading=\"lazy\" decoding=\"async\" width=\"1024\" height=\"576\" data-id=\"13301\" src=\"https:\/\/iestierraestella.educacion.navarra.es\/web\/wp-content\/uploads\/2024\/06\/WhatsApp-Image-2024-06-20-at-16.50.40-3-1024x576.jpeg\" alt=\"\" class=\"wp-image-13301\" srcset=\"https:\/\/iestierraestella.educacion.navarra.es\/web\/wp-content\/uploads\/2024\/06\/WhatsApp-Image-2024-06-20-at-16.50.40-3-1024x576.jpeg 1024w, https:\/\/iestierraestella.educacion.navarra.es\/web\/wp-content\/uploads\/2024\/06\/WhatsApp-Image-2024-06-20-at-16.50.40-3-300x169.jpeg 300w, https:\/\/iestierraestella.educacion.navarra.es\/web\/wp-content\/uploads\/2024\/06\/WhatsApp-Image-2024-06-20-at-16.50.40-3-768x432.jpeg 768w, https:\/\/iestierraestella.educacion.navarra.es\/web\/wp-content\/uploads\/2024\/06\/WhatsApp-Image-2024-06-20-at-16.50.40-3.jpeg 1080w\" sizes=\"(max-width: 1024px) 100vw, 1024px\" \/><\/a><\/figure>\n\n\n\n<figure class=\"wp-block-image size-large\"><a href=\"https:\/\/iestierraestella.educacion.navarra.es\/web\/wp-content\/uploads\/2024\/06\/WhatsApp-Image-2024-06-20-at-16.50.40-2.jpeg\"><img loading=\"lazy\" decoding=\"async\" width=\"1024\" height=\"576\" data-id=\"13302\" src=\"https:\/\/iestierraestella.educacion.navarra.es\/web\/wp-content\/uploads\/2024\/06\/WhatsApp-Image-2024-06-20-at-16.50.40-2-1024x576.jpeg\" alt=\"\" class=\"wp-image-13302\" srcset=\"https:\/\/iestierraestella.educacion.navarra.es\/web\/wp-content\/uploads\/2024\/06\/WhatsApp-Image-2024-06-20-at-16.50.40-2-1024x576.jpeg 1024w, https:\/\/iestierraestella.educacion.navarra.es\/web\/wp-content\/uploads\/2024\/06\/WhatsApp-Image-2024-06-20-at-16.50.40-2-300x169.jpeg 300w, https:\/\/iestierraestella.educacion.navarra.es\/web\/wp-content\/uploads\/2024\/06\/WhatsApp-Image-2024-06-20-at-16.50.40-2-768x432.jpeg 768w, https:\/\/iestierraestella.educacion.navarra.es\/web\/wp-content\/uploads\/2024\/06\/WhatsApp-Image-2024-06-20-at-16.50.40-2.jpeg 1080w\" sizes=\"(max-width: 1024px) 100vw, 1024px\" \/><\/a><\/figure>\n\n\n\n<figure class=\"wp-block-image size-large\"><a href=\"https:\/\/iestierraestella.educacion.navarra.es\/web\/wp-content\/uploads\/2024\/06\/WhatsApp-Image-2024-06-20-at-16.50.40-1.jpeg\"><img loading=\"lazy\" decoding=\"async\" width=\"577\" height=\"1024\" data-id=\"13305\" src=\"https:\/\/iestierraestella.educacion.navarra.es\/web\/wp-content\/uploads\/2024\/06\/WhatsApp-Image-2024-06-20-at-16.50.40-1-577x1024.jpeg\" alt=\"\" class=\"wp-image-13305\" srcset=\"https:\/\/iestierraestella.educacion.navarra.es\/web\/wp-content\/uploads\/2024\/06\/WhatsApp-Image-2024-06-20-at-16.50.40-1-577x1024.jpeg 577w, https:\/\/iestierraestella.educacion.navarra.es\/web\/wp-content\/uploads\/2024\/06\/WhatsApp-Image-2024-06-20-at-16.50.40-1-169x300.jpeg 169w, https:\/\/iestierraestella.educacion.navarra.es\/web\/wp-content\/uploads\/2024\/06\/WhatsApp-Image-2024-06-20-at-16.50.40-1-768x1364.jpeg 768w, https:\/\/iestierraestella.educacion.navarra.es\/web\/wp-content\/uploads\/2024\/06\/WhatsApp-Image-2024-06-20-at-16.50.40-1-865x1536.jpeg 865w, https:\/\/iestierraestella.educacion.navarra.es\/web\/wp-content\/uploads\/2024\/06\/WhatsApp-Image-2024-06-20-at-16.50.40-1.jpeg 901w\" sizes=\"(max-width: 577px) 100vw, 577px\" \/><\/a><\/figure>\n\n\n\n<figure class=\"wp-block-image size-large\"><a href=\"https:\/\/iestierraestella.educacion.navarra.es\/web\/wp-content\/uploads\/2024\/06\/WhatsApp-Image-2024-06-20-at-16.50.40.jpeg\"><img loading=\"lazy\" decoding=\"async\" width=\"577\" height=\"1024\" data-id=\"13307\" src=\"https:\/\/iestierraestella.educacion.navarra.es\/web\/wp-content\/uploads\/2024\/06\/WhatsApp-Image-2024-06-20-at-16.50.40-577x1024.jpeg\" alt=\"\" class=\"wp-image-13307\" srcset=\"https:\/\/iestierraestella.educacion.navarra.es\/web\/wp-content\/uploads\/2024\/06\/WhatsApp-Image-2024-06-20-at-16.50.40-577x1024.jpeg 577w, https:\/\/iestierraestella.educacion.navarra.es\/web\/wp-content\/uploads\/2024\/06\/WhatsApp-Image-2024-06-20-at-16.50.40-169x300.jpeg 169w, https:\/\/iestierraestella.educacion.navarra.es\/web\/wp-content\/uploads\/2024\/06\/WhatsApp-Image-2024-06-20-at-16.50.40-768x1364.jpeg 768w, https:\/\/iestierraestella.educacion.navarra.es\/web\/wp-content\/uploads\/2024\/06\/WhatsApp-Image-2024-06-20-at-16.50.40-865x1536.jpeg 865w, https:\/\/iestierraestella.educacion.navarra.es\/web\/wp-content\/uploads\/2024\/06\/WhatsApp-Image-2024-06-20-at-16.50.40.jpeg 901w\" sizes=\"(max-width: 577px) 100vw, 577px\" \/><\/a><\/figure>\n\n\n\n<figure class=\"wp-block-image size-large\"><a href=\"https:\/\/iestierraestella.educacion.navarra.es\/web\/wp-content\/uploads\/2024\/06\/WhatsApp-Image-2024-06-20-at-16.50.39-2.jpeg\"><img loading=\"lazy\" decoding=\"async\" width=\"577\" height=\"1024\" data-id=\"13309\" src=\"https:\/\/iestierraestella.educacion.navarra.es\/web\/wp-content\/uploads\/2024\/06\/WhatsApp-Image-2024-06-20-at-16.50.39-2-577x1024.jpeg\" alt=\"\" class=\"wp-image-13309\" srcset=\"https:\/\/iestierraestella.educacion.navarra.es\/web\/wp-content\/uploads\/2024\/06\/WhatsApp-Image-2024-06-20-at-16.50.39-2-577x1024.jpeg 577w, https:\/\/iestierraestella.educacion.navarra.es\/web\/wp-content\/uploads\/2024\/06\/WhatsApp-Image-2024-06-20-at-16.50.39-2-169x300.jpeg 169w, https:\/\/iestierraestella.educacion.navarra.es\/web\/wp-content\/uploads\/2024\/06\/WhatsApp-Image-2024-06-20-at-16.50.39-2-768x1364.jpeg 768w, https:\/\/iestierraestella.educacion.navarra.es\/web\/wp-content\/uploads\/2024\/06\/WhatsApp-Image-2024-06-20-at-16.50.39-2-865x1536.jpeg 865w, https:\/\/iestierraestella.educacion.navarra.es\/web\/wp-content\/uploads\/2024\/06\/WhatsApp-Image-2024-06-20-at-16.50.39-2.jpeg 901w\" sizes=\"(max-width: 577px) 100vw, 577px\" \/><\/a><\/figure>\n\n\n\n<figure class=\"wp-block-image size-large\"><a href=\"https:\/\/iestierraestella.educacion.navarra.es\/web\/wp-content\/uploads\/2024\/06\/WhatsApp-Image-2024-06-20-at-16.50.39-1.jpeg\"><img loading=\"lazy\" decoding=\"async\" width=\"1024\" height=\"576\" data-id=\"13310\" src=\"https:\/\/iestierraestella.educacion.navarra.es\/web\/wp-content\/uploads\/2024\/06\/WhatsApp-Image-2024-06-20-at-16.50.39-1-1024x576.jpeg\" alt=\"\" class=\"wp-image-13310\" srcset=\"https:\/\/iestierraestella.educacion.navarra.es\/web\/wp-content\/uploads\/2024\/06\/WhatsApp-Image-2024-06-20-at-16.50.39-1-1024x576.jpeg 1024w, https:\/\/iestierraestella.educacion.navarra.es\/web\/wp-content\/uploads\/2024\/06\/WhatsApp-Image-2024-06-20-at-16.50.39-1-300x169.jpeg 300w, https:\/\/iestierraestella.educacion.navarra.es\/web\/wp-content\/uploads\/2024\/06\/WhatsApp-Image-2024-06-20-at-16.50.39-1-768x432.jpeg 768w, https:\/\/iestierraestella.educacion.navarra.es\/web\/wp-content\/uploads\/2024\/06\/WhatsApp-Image-2024-06-20-at-16.50.39-1.jpeg 1080w\" sizes=\"(max-width: 1024px) 100vw, 1024px\" \/><\/a><\/figure>\n\n\n\n<figure class=\"wp-block-image size-large\"><a href=\"https:\/\/iestierraestella.educacion.navarra.es\/web\/wp-content\/uploads\/2024\/06\/WhatsApp-Image-2024-06-20-at-16.50.39.jpeg\"><img loading=\"lazy\" decoding=\"async\" width=\"683\" height=\"1024\" data-id=\"13312\" src=\"https:\/\/iestierraestella.educacion.navarra.es\/web\/wp-content\/uploads\/2024\/06\/WhatsApp-Image-2024-06-20-at-16.50.39-683x1024.jpeg\" alt=\"\" class=\"wp-image-13312\" srcset=\"https:\/\/iestierraestella.educacion.navarra.es\/web\/wp-content\/uploads\/2024\/06\/WhatsApp-Image-2024-06-20-at-16.50.39-683x1024.jpeg 683w, https:\/\/iestierraestella.educacion.navarra.es\/web\/wp-content\/uploads\/2024\/06\/WhatsApp-Image-2024-06-20-at-16.50.39-200x300.jpeg 200w, https:\/\/iestierraestella.educacion.navarra.es\/web\/wp-content\/uploads\/2024\/06\/WhatsApp-Image-2024-06-20-at-16.50.39-768x1152.jpeg 768w, https:\/\/iestierraestella.educacion.navarra.es\/web\/wp-content\/uploads\/2024\/06\/WhatsApp-Image-2024-06-20-at-16.50.39.jpeg 1024w\" sizes=\"(max-width: 683px) 100vw, 683px\" \/><\/a><\/figure>\n\n\n\n<figure class=\"wp-block-image size-large\"><a href=\"https:\/\/iestierraestella.educacion.navarra.es\/web\/wp-content\/uploads\/2024\/06\/WhatsApp-Image-2024-06-20-at-16.50.41-9-scaled.jpeg\"><img loading=\"lazy\" decoding=\"async\" width=\"1024\" height=\"683\" data-id=\"13314\" src=\"https:\/\/iestierraestella.educacion.navarra.es\/web\/wp-content\/uploads\/2024\/06\/WhatsApp-Image-2024-06-20-at-16.50.41-9-1024x683.jpeg\" alt=\"\" class=\"wp-image-13314\" srcset=\"https:\/\/iestierraestella.educacion.navarra.es\/web\/wp-content\/uploads\/2024\/06\/WhatsApp-Image-2024-06-20-at-16.50.41-9-1024x683.jpeg 1024w, https:\/\/iestierraestella.educacion.navarra.es\/web\/wp-content\/uploads\/2024\/06\/WhatsApp-Image-2024-06-20-at-16.50.41-9-300x200.jpeg 300w, https:\/\/iestierraestella.educacion.navarra.es\/web\/wp-content\/uploads\/2024\/06\/WhatsApp-Image-2024-06-20-at-16.50.41-9-768x512.jpeg 768w, https:\/\/iestierraestella.educacion.navarra.es\/web\/wp-content\/uploads\/2024\/06\/WhatsApp-Image-2024-06-20-at-16.50.41-9-1536x1024.jpeg 1536w, https:\/\/iestierraestella.educacion.navarra.es\/web\/wp-content\/uploads\/2024\/06\/WhatsApp-Image-2024-06-20-at-16.50.41-9-2048x1365.jpeg 2048w\" sizes=\"(max-width: 1024px) 100vw, 1024px\" \/><\/a><\/figure>\n\n\n\n<figure class=\"wp-block-image size-large\"><a href=\"https:\/\/iestierraestella.educacion.navarra.es\/web\/wp-content\/uploads\/2024\/06\/WhatsApp-Image-2024-06-20-at-16.50.41-8-scaled.jpeg\"><img loading=\"lazy\" decoding=\"async\" width=\"1024\" height=\"683\" data-id=\"13316\" src=\"https:\/\/iestierraestella.educacion.navarra.es\/web\/wp-content\/uploads\/2024\/06\/WhatsApp-Image-2024-06-20-at-16.50.41-8-1024x683.jpeg\" alt=\"\" class=\"wp-image-13316\" srcset=\"https:\/\/iestierraestella.educacion.navarra.es\/web\/wp-content\/uploads\/2024\/06\/WhatsApp-Image-2024-06-20-at-16.50.41-8-1024x683.jpeg 1024w, https:\/\/iestierraestella.educacion.navarra.es\/web\/wp-content\/uploads\/2024\/06\/WhatsApp-Image-2024-06-20-at-16.50.41-8-300x200.jpeg 300w, https:\/\/iestierraestella.educacion.navarra.es\/web\/wp-content\/uploads\/2024\/06\/WhatsApp-Image-2024-06-20-at-16.50.41-8-768x512.jpeg 768w, https:\/\/iestierraestella.educacion.navarra.es\/web\/wp-content\/uploads\/2024\/06\/WhatsApp-Image-2024-06-20-at-16.50.41-8-1536x1024.jpeg 1536w, https:\/\/iestierraestella.educacion.navarra.es\/web\/wp-content\/uploads\/2024\/06\/WhatsApp-Image-2024-06-20-at-16.50.41-8-2048x1365.jpeg 2048w\" sizes=\"(max-width: 1024px) 100vw, 1024px\" \/><\/a><\/figure>\n\n\n\n<figure class=\"wp-block-image size-large\"><a href=\"https:\/\/iestierraestella.educacion.navarra.es\/web\/wp-content\/uploads\/2024\/06\/WhatsApp-Image-2024-06-20-at-16.50.41-7-scaled.jpeg\"><img loading=\"lazy\" decoding=\"async\" width=\"683\" height=\"1024\" data-id=\"13320\" src=\"https:\/\/iestierraestella.educacion.navarra.es\/web\/wp-content\/uploads\/2024\/06\/WhatsApp-Image-2024-06-20-at-16.50.41-7-683x1024.jpeg\" alt=\"\" class=\"wp-image-13320\" srcset=\"https:\/\/iestierraestella.educacion.navarra.es\/web\/wp-content\/uploads\/2024\/06\/WhatsApp-Image-2024-06-20-at-16.50.41-7-683x1024.jpeg 683w, https:\/\/iestierraestella.educacion.navarra.es\/web\/wp-content\/uploads\/2024\/06\/WhatsApp-Image-2024-06-20-at-16.50.41-7-200x300.jpeg 200w, https:\/\/iestierraestella.educacion.navarra.es\/web\/wp-content\/uploads\/2024\/06\/WhatsApp-Image-2024-06-20-at-16.50.41-7-768x1152.jpeg 768w, https:\/\/iestierraestella.educacion.navarra.es\/web\/wp-content\/uploads\/2024\/06\/WhatsApp-Image-2024-06-20-at-16.50.41-7-1024x1536.jpeg 1024w, https:\/\/iestierraestella.educacion.navarra.es\/web\/wp-content\/uploads\/2024\/06\/WhatsApp-Image-2024-06-20-at-16.50.41-7-1365x2048.jpeg 1365w, https:\/\/iestierraestella.educacion.navarra.es\/web\/wp-content\/uploads\/2024\/06\/WhatsApp-Image-2024-06-20-at-16.50.41-7-scaled.jpeg 1707w\" sizes=\"(max-width: 683px) 100vw, 683px\" \/><\/a><\/figure>\n\n\n\n<figure class=\"wp-block-image size-large\"><a href=\"https:\/\/iestierraestella.educacion.navarra.es\/web\/wp-content\/uploads\/2024\/06\/WhatsApp-Image-2024-06-20-at-16.50.41-6.jpeg\"><img loading=\"lazy\" decoding=\"async\" width=\"768\" height=\"513\" data-id=\"13318\" src=\"https:\/\/iestierraestella.educacion.navarra.es\/web\/wp-content\/uploads\/2024\/06\/WhatsApp-Image-2024-06-20-at-16.50.41-6.jpeg\" alt=\"\" class=\"wp-image-13318\" srcset=\"https:\/\/iestierraestella.educacion.navarra.es\/web\/wp-content\/uploads\/2024\/06\/WhatsApp-Image-2024-06-20-at-16.50.41-6.jpeg 768w, https:\/\/iestierraestella.educacion.navarra.es\/web\/wp-content\/uploads\/2024\/06\/WhatsApp-Image-2024-06-20-at-16.50.41-6-300x200.jpeg 300w\" sizes=\"(max-width: 768px) 100vw, 768px\" \/><\/a><\/figure>\n\n\n\n<figure class=\"wp-block-image size-large\"><a href=\"https:\/\/iestierraestella.educacion.navarra.es\/web\/wp-content\/uploads\/2024\/06\/WhatsApp-Image-2024-06-20-at-16.50.41-5-scaled.jpeg\"><img loading=\"lazy\" decoding=\"async\" width=\"1024\" height=\"683\" data-id=\"13322\" src=\"https:\/\/iestierraestella.educacion.navarra.es\/web\/wp-content\/uploads\/2024\/06\/WhatsApp-Image-2024-06-20-at-16.50.41-5-1024x683.jpeg\" alt=\"\" class=\"wp-image-13322\" srcset=\"https:\/\/iestierraestella.educacion.navarra.es\/web\/wp-content\/uploads\/2024\/06\/WhatsApp-Image-2024-06-20-at-16.50.41-5-1024x683.jpeg 1024w, https:\/\/iestierraestella.educacion.navarra.es\/web\/wp-content\/uploads\/2024\/06\/WhatsApp-Image-2024-06-20-at-16.50.41-5-300x200.jpeg 300w, https:\/\/iestierraestella.educacion.navarra.es\/web\/wp-content\/uploads\/2024\/06\/WhatsApp-Image-2024-06-20-at-16.50.41-5-768x512.jpeg 768w, https:\/\/iestierraestella.educacion.navarra.es\/web\/wp-content\/uploads\/2024\/06\/WhatsApp-Image-2024-06-20-at-16.50.41-5-1536x1024.jpeg 1536w, https:\/\/iestierraestella.educacion.navarra.es\/web\/wp-content\/uploads\/2024\/06\/WhatsApp-Image-2024-06-20-at-16.50.41-5-2048x1365.jpeg 2048w\" sizes=\"(max-width: 1024px) 100vw, 1024px\" \/><\/a><\/figure>\n<\/figure>\n","protected":false},"excerpt":{"rendered":"<p>Nuestro primer d\u00eda en Polonia ha comenzado con una bienvenida en el instituto de Wodzislaw Slaski donde todos los socios han expuesto las actividades que se han realizado durante este curso. A continuaci\u00f3n hemos podido degustar dulces t\u00edpicos elaborados por las familias del alumnado. Proseguimos la ma\u00f1ana con una marcha en bici hasta el Lago [&hellip;]<\/p>\n","protected":false},"author":1,"featured_media":13191,"comment_status":"closed","ping_status":"open","sticky":false,"template":"","format":"standard","meta":{"_genesis_hide_title":false,"_genesis_hide_breadcrumbs":false,"_genesis_hide_singular_image":false,"_genesis_hide_footer_widgets":false,"_genesis_custom_body_class":"","_genesis_custom_post_class":"","_genesis_layout":"","footnotes":""},"categories":[1],"tags":[],"_links":{"self":[{"href":"https:\/\/iestierraestella.educacion.navarra.es\/web\/wp-json\/wp\/v2\/posts\/13182"}],"collection":[{"href":"https:\/\/iestierraestella.educacion.navarra.es\/web\/wp-json\/wp\/v2\/posts"}],"about":[{"href":"https:\/\/iestierraestella.educacion.navarra.es\/web\/wp-json\/wp\/v2\/types\/post"}],"author":[{"embeddable":true,"href":"https:\/\/iestierraestella.educacion.navarra.es\/web\/wp-json\/wp\/v2\/users\/1"}],"replies":[{"embeddable":true,"href":"https:\/\/iestierraestella.educacion.navarra.es\/web\/wp-json\/wp\/v2\/comments?post=13182"}],"version-history":[{"count":4,"href":"https:\/\/iestierraestella.educacion.navarra.es\/web\/wp-json\/wp\/v2\/posts\/13182\/revisions"}],"predecessor-version":[{"id":13324,"href":"https:\/\/iestierraestella.educacion.navarra.es\/web\/wp-json\/wp\/v2\/posts\/13182\/revisions\/13324"}],"wp:featuredmedia":[{"embeddable":true,"href":"https:\/\/iestierraestella.educacion.navarra.es\/web\/wp-json\/wp\/v2\/media\/13191"}],"wp:attachment":[{"href":"https:\/\/iestierraestella.educacion.navarra.es\/web\/wp-json\/wp\/v2\/media?parent=13182"}],"wp:term":[{"taxonomy":"category","embeddable":true,"href":"https:\/\/iestierraestella.educacion.navarra.es\/web\/wp-json\/wp\/v2\/categories?post=13182"},{"taxonomy":"post_tag","embeddable":true,"href":"https:\/\/iestierraestella.educacion.navarra.es\/web\/wp-json\/wp\/v2\/tags?post=13182"}],"curies":[{"name":"wp","href":"https:\/\/api.w.org\/{rel}","templated":true}]}}