{"id":9541,"date":"2022-11-16T09:27:16","date_gmt":"2022-11-16T08:27:16","guid":{"rendered":"https:\/\/iestierraestella.educacion.navarra.es\/web\/?p=9541"},"modified":"2022-11-16T09:27:17","modified_gmt":"2022-11-16T08:27:17","slug":"alimentacion-y-ejercicio-van-de-la-mano","status":"publish","type":"post","link":"https:\/\/iestierraestella.educacion.navarra.es\/web\/blog\/2022\/11\/16\/alimentacion-y-ejercicio-van-de-la-mano\/","title":{"rendered":"\u201cAlimentaci\u00f3n y ejercicio van de la mano\u201d"},"content":{"rendered":"\n<p>El alumnado de 3\u00ba Diversificaci\u00f3n y 3\u00ba-4\u00ba L, a lo largo de este tiempo est\u00e1n inmersos en el Proyecto de \u201cAlimentaci\u00f3n y ejercicio van de la mano\u201d. Despu\u00e9s de analizar qu\u00e9 desayunamos y ver si estos alimentos son sanos o ultraprocesados hemos analizado posibles alternativas sanas. <\/p>\n\n\n\n<p>Estamos trabajando con Realfooding: comida sana. El jueves d\u00eda 10 de noviembre el profesorado pudo probar nuestros primeros postres, un bizcocho de calabaza y pastas de avena y chocolate. <\/p>\n\n\n\n<p>Nos podemos preguntar y \u00bfqu\u00e9 objetivos trabajamos?, el primero nuestra Salud tan importante conocer bien los productos que utilizamos y saber que si tenemos una buena alimentaci\u00f3n y hacemos ejercicio, la prevenci\u00f3n est\u00e1.<\/p>\n\n\n\n<p>Otros objetivos como la sostenibilidad, coeducaci\u00f3n\u2026, trabajo en grupo en el que cada alumno o alumna es responsable de una tarea: saber qu\u00e9 queremos hacer para comprar ingredientes necesarios, conocer c\u00f3mo se elaboran las recetas que conocemos, y organizar en la cocina los grupos de trabajo: peso de los ingredientes, mezclas, utilizaci\u00f3n del horno, fregar los utensilios utilizados, presentaci\u00f3n de los postres y limpieza de la cocina.<\/p>\n\n\n\n<div class=\"wp-block-image\"><figure class=\"aligncenter size-large\"><a href=\"https:\/\/iestierraestella.educacion.navarra.es\/web\/wp-content\/uploads\/2022\/11\/AE1.jpg\"><img fetchpriority=\"high\" decoding=\"async\" width=\"1024\" height=\"461\" src=\"https:\/\/iestierraestella.educacion.navarra.es\/web\/wp-content\/uploads\/2022\/11\/AE1-1024x461.jpg\" alt=\"\" class=\"wp-image-9542\" srcset=\"https:\/\/iestierraestella.educacion.navarra.es\/web\/wp-content\/uploads\/2022\/11\/AE1-1024x461.jpg 1024w, https:\/\/iestierraestella.educacion.navarra.es\/web\/wp-content\/uploads\/2022\/11\/AE1-300x135.jpg 300w, https:\/\/iestierraestella.educacion.navarra.es\/web\/wp-content\/uploads\/2022\/11\/AE1-768x346.jpg 768w, https:\/\/iestierraestella.educacion.navarra.es\/web\/wp-content\/uploads\/2022\/11\/AE1-1536x691.jpg 1536w, https:\/\/iestierraestella.educacion.navarra.es\/web\/wp-content\/uploads\/2022\/11\/AE1.jpg 1600w\" sizes=\"(max-width: 1024px) 100vw, 1024px\" \/><\/a><\/figure><\/div>\n\n\n\n<div class=\"wp-block-image\"><figure class=\"aligncenter size-large\"><a href=\"https:\/\/iestierraestella.educacion.navarra.es\/web\/wp-content\/uploads\/2022\/11\/AE2.jpg\"><img decoding=\"async\" width=\"1024\" height=\"461\" src=\"https:\/\/iestierraestella.educacion.navarra.es\/web\/wp-content\/uploads\/2022\/11\/AE2-1024x461.jpg\" alt=\"\" class=\"wp-image-9547\" srcset=\"https:\/\/iestierraestella.educacion.navarra.es\/web\/wp-content\/uploads\/2022\/11\/AE2-1024x461.jpg 1024w, https:\/\/iestierraestella.educacion.navarra.es\/web\/wp-content\/uploads\/2022\/11\/AE2-300x135.jpg 300w, https:\/\/iestierraestella.educacion.navarra.es\/web\/wp-content\/uploads\/2022\/11\/AE2-768x346.jpg 768w, https:\/\/iestierraestella.educacion.navarra.es\/web\/wp-content\/uploads\/2022\/11\/AE2-1536x691.jpg 1536w, https:\/\/iestierraestella.educacion.navarra.es\/web\/wp-content\/uploads\/2022\/11\/AE2.jpg 1600w\" sizes=\"(max-width: 1024px) 100vw, 1024px\" \/><\/a><\/figure><\/div>\n\n\n\n<div class=\"wp-block-image\"><figure class=\"aligncenter size-large\"><a href=\"https:\/\/iestierraestella.educacion.navarra.es\/web\/wp-content\/uploads\/2022\/11\/AE3.jpg\"><img decoding=\"async\" width=\"586\" height=\"1024\" src=\"https:\/\/iestierraestella.educacion.navarra.es\/web\/wp-content\/uploads\/2022\/11\/AE3-586x1024.jpg\" alt=\"\" class=\"wp-image-9546\" srcset=\"https:\/\/iestierraestella.educacion.navarra.es\/web\/wp-content\/uploads\/2022\/11\/AE3-586x1024.jpg 586w, https:\/\/iestierraestella.educacion.navarra.es\/web\/wp-content\/uploads\/2022\/11\/AE3-172x300.jpg 172w, https:\/\/iestierraestella.educacion.navarra.es\/web\/wp-content\/uploads\/2022\/11\/AE3.jpg 720w\" sizes=\"(max-width: 586px) 100vw, 586px\" \/><\/a><\/figure><\/div>\n\n\n\n<div class=\"wp-block-image\"><figure class=\"aligncenter size-large\"><a href=\"https:\/\/iestierraestella.educacion.navarra.es\/web\/wp-content\/uploads\/2022\/11\/AE4.jpg\"><img loading=\"lazy\" decoding=\"async\" width=\"626\" height=\"1024\" src=\"https:\/\/iestierraestella.educacion.navarra.es\/web\/wp-content\/uploads\/2022\/11\/AE4-626x1024.jpg\" alt=\"\" class=\"wp-image-9543\" srcset=\"https:\/\/iestierraestella.educacion.navarra.es\/web\/wp-content\/uploads\/2022\/11\/AE4-626x1024.jpg 626w, https:\/\/iestierraestella.educacion.navarra.es\/web\/wp-content\/uploads\/2022\/11\/AE4-184x300.jpg 184w, https:\/\/iestierraestella.educacion.navarra.es\/web\/wp-content\/uploads\/2022\/11\/AE4.jpg 720w\" sizes=\"(max-width: 626px) 100vw, 626px\" \/><\/a><\/figure><\/div>\n","protected":false},"excerpt":{"rendered":"<p>El alumnado de 3\u00ba Diversificaci\u00f3n y 3\u00ba-4\u00ba L, a lo largo de este tiempo est\u00e1n inmersos en el Proyecto de \u201cAlimentaci\u00f3n y ejercicio van de la mano\u201d. Despu\u00e9s de analizar qu\u00e9 desayunamos y ver si estos alimentos son sanos o ultraprocesados hemos analizado posibles alternativas sanas. Estamos trabajando con Realfooding: comida sana. El jueves d\u00eda [&hellip;]<\/p>\n","protected":false},"author":1,"featured_media":9542,"comment_status":"closed","ping_status":"open","sticky":false,"template":"","format":"standard","meta":{"_genesis_hide_title":false,"_genesis_hide_breadcrumbs":false,"_genesis_hide_singular_image":false,"_genesis_hide_footer_widgets":false,"_genesis_custom_body_class":"","_genesis_custom_post_class":"","_genesis_layout":"","footnotes":""},"categories":[1],"tags":[],"_links":{"self":[{"href":"https:\/\/iestierraestella.educacion.navarra.es\/web\/wp-json\/wp\/v2\/posts\/9541"}],"collection":[{"href":"https:\/\/iestierraestella.educacion.navarra.es\/web\/wp-json\/wp\/v2\/posts"}],"about":[{"href":"https:\/\/iestierraestella.educacion.navarra.es\/web\/wp-json\/wp\/v2\/types\/post"}],"author":[{"embeddable":true,"href":"https:\/\/iestierraestella.educacion.navarra.es\/web\/wp-json\/wp\/v2\/users\/1"}],"replies":[{"embeddable":true,"href":"https:\/\/iestierraestella.educacion.navarra.es\/web\/wp-json\/wp\/v2\/comments?post=9541"}],"version-history":[{"count":1,"href":"https:\/\/iestierraestella.educacion.navarra.es\/web\/wp-json\/wp\/v2\/posts\/9541\/revisions"}],"predecessor-version":[{"id":9549,"href":"https:\/\/iestierraestella.educacion.navarra.es\/web\/wp-json\/wp\/v2\/posts\/9541\/revisions\/9549"}],"wp:featuredmedia":[{"embeddable":true,"href":"https:\/\/iestierraestella.educacion.navarra.es\/web\/wp-json\/wp\/v2\/media\/9542"}],"wp:attachment":[{"href":"https:\/\/iestierraestella.educacion.navarra.es\/web\/wp-json\/wp\/v2\/media?parent=9541"}],"wp:term":[{"taxonomy":"category","embeddable":true,"href":"https:\/\/iestierraestella.educacion.navarra.es\/web\/wp-json\/wp\/v2\/categories?post=9541"},{"taxonomy":"post_tag","embeddable":true,"href":"https:\/\/iestierraestella.educacion.navarra.es\/web\/wp-json\/wp\/v2\/tags?post=9541"}],"curies":[{"name":"wp","href":"https:\/\/api.w.org\/{rel}","templated":true}]}}